{"id":5051,"date":"2014-11-10T01:35:32","date_gmt":"2014-11-10T01:35:32","guid":{"rendered":"https:\/\/www.ibermusicas.org\/?p=5051"},"modified":"2021-03-19T01:37:10","modified_gmt":"2021-03-19T01:37:10","slug":"ganador-primer-concurso-iberoamericano-de-composicion-para-banda-sinfonica-ibermusicas-oaxaca-2014","status":"publish","type":"post","link":"https:\/\/www.ibermusicas.org\/index.php\/ganador-primer-concurso-iberoamericano-de-composicion-para-banda-sinfonica-ibermusicas-oaxaca-2014\/","title":{"rendered":"GANADOR PRIMER CONCURSO IBEROAMERICANO DE COMPOSICION PARA BANDA SINFONICA \u201cIBERMUSICAS \u2013 OAXACA 2014\u201d"},"content":{"rendered":"<p>El programa de Fomento de las M\u00fasicas Iberoamericanas IBERM\u00daSICAS junto a la Secretar\u00eda para la Cultura y las Artes de Oaxaca y el Centro de las Artes de San Agust\u00edn Etla, a trav\u00e9s del Taller de Creaci\u00f3n Musical, tienen el agrado de anunciar a la ganadora del PRIMER CONCURSO IBEROAMERICANO DE COMPOSICION PARA BANDA SINFONICA \u201cIBERMUSICAS \u2013 OAXACA 2014\u201d.<\/p>\n","protected":false},"excerpt":{"rendered":"<p>El programa de Fomento de las M\u00fasicas Iberoamericanas IBERM\u00daSICAS junto a la Secretar\u00eda para la Cultura y las Artes de Oaxaca y el Centro de las Artes de San Agust\u00edn Etla, a trav\u00e9s del Taller de Creaci\u00f3n Musical, tienen el agrado de anunciar a la ganadora del PRIMER CONCURSO IBEROAMERICANO DE COMPOSICION PARA BANDA SINFONICA [&hellip;]<\/p>\n","protected":false},"author":1,"featured_media":5048,"comment_status":"closed","ping_status":"closed","sticky":false,"template":"","format":"standard","meta":{"_monsterinsights_skip_tracking":false,"_monsterinsights_sitenote_active":false,"_monsterinsights_sitenote_note":"","_monsterinsights_sitenote_category":0,"footnotes":""},"categories":[53],"tags":[],"class_list":["post-5051","post","type-post","status-publish","format-standard","has-post-thumbnail","hentry","category-noticias-generales"],"lang":"es","translations":{"es":5051},"pll_sync_post":[],"post_mailing_queue_ids":[],"_links":{"self":[{"href":"https:\/\/www.ibermusicas.org\/index.php\/wp-json\/wp\/v2\/posts\/5051","targetHints":{"allow":["GET"]}}],"collection":[{"href":"https:\/\/www.ibermusicas.org\/index.php\/wp-json\/wp\/v2\/posts"}],"about":[{"href":"https:\/\/www.ibermusicas.org\/index.php\/wp-json\/wp\/v2\/types\/post"}],"author":[{"embeddable":true,"href":"https:\/\/www.ibermusicas.org\/index.php\/wp-json\/wp\/v2\/users\/1"}],"replies":[{"embeddable":true,"href":"https:\/\/www.ibermusicas.org\/index.php\/wp-json\/wp\/v2\/comments?post=5051"}],"version-history":[{"count":0,"href":"https:\/\/www.ibermusicas.org\/index.php\/wp-json\/wp\/v2\/posts\/5051\/revisions"}],"wp:featuredmedia":[{"embeddable":true,"href":"https:\/\/www.ibermusicas.org\/index.php\/wp-json\/wp\/v2\/media\/5048"}],"wp:attachment":[{"href":"https:\/\/www.ibermusicas.org\/index.php\/wp-json\/wp\/v2\/media?parent=5051"}],"wp:term":[{"taxonomy":"category","embeddable":true,"href":"https:\/\/www.ibermusicas.org\/index.php\/wp-json\/wp\/v2\/categories?post=5051"},{"taxonomy":"post_tag","embeddable":true,"href":"https:\/\/www.ibermusicas.org\/index.php\/wp-json\/wp\/v2\/tags?post=5051"}],"curies":[{"name":"wp","href":"https:\/\/api.w.org\/{rel}","templated":true}]}}