{"id":5174,"date":"2015-08-24T17:40:00","date_gmt":"2015-08-24T17:40:00","guid":{"rendered":"https:\/\/www.ibermusicas.org\/?p=5174"},"modified":"2021-03-24T17:41:01","modified_gmt":"2021-03-24T17:41:01","slug":"el-maestro-edgar-barroso-merino-comienza-su-residencia-en-vigo-espana","status":"publish","type":"post","link":"https:\/\/www.ibermusicas.org\/index.php\/el-maestro-edgar-barroso-merino-comienza-su-residencia-en-vigo-espana\/","title":{"rendered":"El maestro Edgar Barroso Merino comienza su residencia en Vigo, Espa\u00f1a"},"content":{"rendered":"<p><span data-sheets-value=\"{&quot;1&quot;:2,&quot;2&quot;:&quot;El compositor mexicano Edgar Barroso Merino comienza su proyecto de creaci\u00f3n de \u201cMetztli\u201d obra contempor\u00e1nea de c\u00e1mara .Se realizar\u00e1 en Vigo, Espa\u00f1a.&quot;}\" data-sheets-userformat=\"{&quot;2&quot;:513,&quot;3&quot;:{&quot;1&quot;:0},&quot;12&quot;:0}\">El compositor mexicano Edgar Barroso Merino comienza su proyecto de creaci\u00f3n de \u201cMetztli\u201d obra contempor\u00e1nea de c\u00e1mara .Se realizar\u00e1 en Vigo, Espa\u00f1a.<\/span><\/p>\n","protected":false},"excerpt":{"rendered":"<p>El compositor mexicano Edgar Barroso Merino comienza su proyecto de creaci\u00f3n de \u201cMetztli\u201d obra contempor\u00e1nea de c\u00e1mara .Se realizar\u00e1 en Vigo, Espa\u00f1a.<\/p>\n","protected":false},"author":1,"featured_media":5175,"comment_status":"closed","ping_status":"closed","sticky":false,"template":"","format":"standard","meta":{"_monsterinsights_skip_tracking":false,"_monsterinsights_sitenote_active":false,"_monsterinsights_sitenote_note":"","_monsterinsights_sitenote_category":0,"footnotes":""},"categories":[53],"tags":[],"class_list":["post-5174","post","type-post","status-publish","format-standard","has-post-thumbnail","hentry","category-noticias-generales"],"lang":"es","translations":{"es":5174},"pll_sync_post":[],"post_mailing_queue_ids":[],"_links":{"self":[{"href":"https:\/\/www.ibermusicas.org\/index.php\/wp-json\/wp\/v2\/posts\/5174","targetHints":{"allow":["GET"]}}],"collection":[{"href":"https:\/\/www.ibermusicas.org\/index.php\/wp-json\/wp\/v2\/posts"}],"about":[{"href":"https:\/\/www.ibermusicas.org\/index.php\/wp-json\/wp\/v2\/types\/post"}],"author":[{"embeddable":true,"href":"https:\/\/www.ibermusicas.org\/index.php\/wp-json\/wp\/v2\/users\/1"}],"replies":[{"embeddable":true,"href":"https:\/\/www.ibermusicas.org\/index.php\/wp-json\/wp\/v2\/comments?post=5174"}],"version-history":[{"count":0,"href":"https:\/\/www.ibermusicas.org\/index.php\/wp-json\/wp\/v2\/posts\/5174\/revisions"}],"wp:featuredmedia":[{"embeddable":true,"href":"https:\/\/www.ibermusicas.org\/index.php\/wp-json\/wp\/v2\/media\/5175"}],"wp:attachment":[{"href":"https:\/\/www.ibermusicas.org\/index.php\/wp-json\/wp\/v2\/media?parent=5174"}],"wp:term":[{"taxonomy":"category","embeddable":true,"href":"https:\/\/www.ibermusicas.org\/index.php\/wp-json\/wp\/v2\/categories?post=5174"},{"taxonomy":"post_tag","embeddable":true,"href":"https:\/\/www.ibermusicas.org\/index.php\/wp-json\/wp\/v2\/tags?post=5174"}],"curies":[{"name":"wp","href":"https:\/\/api.w.org\/{rel}","templated":true}]}}