{"id":5221,"date":"2015-08-25T18:47:29","date_gmt":"2015-08-25T18:47:29","guid":{"rendered":"https:\/\/www.ibermusicas.org\/?p=5221"},"modified":"2021-03-25T18:53:22","modified_gmt":"2021-03-25T18:53:22","slug":"seresta-lleva-a-granada-su-repertorio-de-musica-andina-llanera-y-atlantica-de-colombia","status":"publish","type":"post","link":"https:\/\/www.ibermusicas.org\/index.php\/seresta-lleva-a-granada-su-repertorio-de-musica-andina-llanera-y-atlantica-de-colombia\/","title":{"rendered":"Seresta lleva a Granada su repertorio de M\u00fasica Andina, llanera y atl\u00e1ntica de Colombia"},"content":{"rendered":"<p>El tr\u00edo de clarinete, guitarra y bandola viaja a Espa\u00f1a para presentarse en el \u00abFestival Internacional de M\u00fasica y Danza de Granada\u00bb. El repertorio estar\u00e1 integrado por Obras de Le\u00f3n Cardona, Manuel J. Bernal, Crist\u00f3bal Ojeda, Jos\u00e9 Revelo, Efra\u00edn Orozco, Oriol Rangel, Joseph Kosma, Francisco Cristancho, Horacio Salinas, Astor Piazzolla, Terig Tucci, Zequinha de Abreu, Jos\u00e9 Barros, Lucho Berm\u00fadez.<\/p>\n","protected":false},"excerpt":{"rendered":"<p>El tr\u00edo de clarinete, guitarra y bandola viaja a Espa\u00f1a para presentarse en el \u00abFestival Internacional de M\u00fasica y Danza de Granada\u00bb. El repertorio estar\u00e1 integrado por Obras de Le\u00f3n Cardona, Manuel J. Bernal, Crist\u00f3bal Ojeda, Jos\u00e9 Revelo, Efra\u00edn Orozco, Oriol Rangel, Joseph Kosma, Francisco Cristancho, Horacio Salinas, Astor Piazzolla, Terig Tucci, Zequinha de Abreu, [&hellip;]<\/p>\n","protected":false},"author":1,"featured_media":5222,"comment_status":"closed","ping_status":"closed","sticky":false,"template":"","format":"standard","meta":{"_monsterinsights_skip_tracking":false,"_monsterinsights_sitenote_active":false,"_monsterinsights_sitenote_note":"","_monsterinsights_sitenote_category":0,"footnotes":""},"categories":[53],"tags":[],"class_list":["post-5221","post","type-post","status-publish","format-standard","has-post-thumbnail","hentry","category-noticias-generales"],"lang":"es","translations":{"es":5221},"pll_sync_post":[],"post_mailing_queue_ids":[],"_links":{"self":[{"href":"https:\/\/www.ibermusicas.org\/index.php\/wp-json\/wp\/v2\/posts\/5221","targetHints":{"allow":["GET"]}}],"collection":[{"href":"https:\/\/www.ibermusicas.org\/index.php\/wp-json\/wp\/v2\/posts"}],"about":[{"href":"https:\/\/www.ibermusicas.org\/index.php\/wp-json\/wp\/v2\/types\/post"}],"author":[{"embeddable":true,"href":"https:\/\/www.ibermusicas.org\/index.php\/wp-json\/wp\/v2\/users\/1"}],"replies":[{"embeddable":true,"href":"https:\/\/www.ibermusicas.org\/index.php\/wp-json\/wp\/v2\/comments?post=5221"}],"version-history":[{"count":0,"href":"https:\/\/www.ibermusicas.org\/index.php\/wp-json\/wp\/v2\/posts\/5221\/revisions"}],"wp:featuredmedia":[{"embeddable":true,"href":"https:\/\/www.ibermusicas.org\/index.php\/wp-json\/wp\/v2\/media\/5222"}],"wp:attachment":[{"href":"https:\/\/www.ibermusicas.org\/index.php\/wp-json\/wp\/v2\/media?parent=5221"}],"wp:term":[{"taxonomy":"category","embeddable":true,"href":"https:\/\/www.ibermusicas.org\/index.php\/wp-json\/wp\/v2\/categories?post=5221"},{"taxonomy":"post_tag","embeddable":true,"href":"https:\/\/www.ibermusicas.org\/index.php\/wp-json\/wp\/v2\/tags?post=5221"}],"curies":[{"name":"wp","href":"https:\/\/api.w.org\/{rel}","templated":true}]}}