{"id":5991,"date":"2021-05-05T16:37:36","date_gmt":"2021-05-05T16:37:36","guid":{"rendered":"https:\/\/www.ibermusicas.org\/?p=5991"},"modified":"2021-06-01T17:49:51","modified_gmt":"2021-06-01T17:49:51","slug":"llega-desde-chile-la-5-fiesta-pensante-organizada-por-el-centro-juvenil-y-cultural-flowrida-escuela-2","status":"publish","type":"post","link":"https:\/\/www.ibermusicas.org\/index.php\/llega-desde-chile-la-5-fiesta-pensante-organizada-por-el-centro-juvenil-y-cultural-flowrida-escuela-2\/","title":{"rendered":"Chega do Chile a \u00ab5\u00b0 Fiesta Pensante\u00bb organizada pelo centro juvenil e cultural Flowrida Escuela"},"content":{"rendered":"<p>\u00abFlowrida Escuela\u00bb \u00e9 um agrupamento composto por diversos artistas, m\u00fasicos, produtores, rappers e jovens da comunidade da Fl\u00f3rida, Santiago do Chile, com vontade de gerar projetos que contribuam para a cria\u00e7\u00e3o de novas e melhores oportunidades e espa\u00e7os para o desenvolvimento da cultura e das artes.<\/p>\n<p>T\u00eam por objetivos: 1. Incentivar e potenciar a cultura na comuna, bem como a m\u00fasica, a dan\u00e7a, o muralismo e as artes em geral. 2. Abrir espa\u00e7os de conhecimento e recrea\u00e7\u00e3o para os jovens. 3. Levar a um n\u00edvel profissional as atividades e produ\u00e7\u00f5es que se gerem com a organiza\u00e7\u00e3o. 4. Gerar e entregar uma mensagem de consci\u00eancia social, ambiental e cultural \u00e0 comunidade. 5. Conhecer e gerar redes com outros grupos sociais da comuna como de outros lugares de Santiago e do Chile.<\/p>\n<p>A 5\u00b0 Fiesta Pensante ser\u00e1 realizada pela primeira vez em formato virtual com a participa\u00e7\u00e3o de artistas chilenos e organiza\u00e7\u00f5es internacionais de hiphop.<\/p>\n<p>15 de maio a partir de 18:00 (Hor\u00e1rio do Chile) transmitindo ao vivo pelo Instagram e Facebook<\/p>\n","protected":false},"excerpt":{"rendered":"<p>\u00abFlowrida Escuela\u00bb \u00e9 um agrupamento composto por diversos artistas, m\u00fasicos, produtores, rappers e jovens da comunidade da Fl\u00f3rida, Santiago do Chile, com vontade de gerar projetos que contribuam para a cria\u00e7\u00e3o de novas e melhores oportunidades e espa\u00e7os para o desenvolvimento da cultura e das artes. T\u00eam por objetivos: 1. Incentivar e potenciar a cultura [&hellip;]<\/p>\n","protected":false},"author":1,"featured_media":5989,"comment_status":"closed","ping_status":"closed","sticky":false,"template":"","format":"standard","meta":{"_monsterinsights_skip_tracking":false,"_monsterinsights_sitenote_active":false,"_monsterinsights_sitenote_note":"","_monsterinsights_sitenote_category":0,"footnotes":""},"categories":[218],"tags":[],"class_list":["post-5991","post","type-post","status-publish","format-standard","has-post-thumbnail","hentry","category-noticias-generales-pt"],"lang":"pt","translations":{"pt":5991,"es":5988},"pll_sync_post":[],"post_mailing_queue_ids":[],"_links":{"self":[{"href":"https:\/\/www.ibermusicas.org\/index.php\/wp-json\/wp\/v2\/posts\/5991","targetHints":{"allow":["GET"]}}],"collection":[{"href":"https:\/\/www.ibermusicas.org\/index.php\/wp-json\/wp\/v2\/posts"}],"about":[{"href":"https:\/\/www.ibermusicas.org\/index.php\/wp-json\/wp\/v2\/types\/post"}],"author":[{"embeddable":true,"href":"https:\/\/www.ibermusicas.org\/index.php\/wp-json\/wp\/v2\/users\/1"}],"replies":[{"embeddable":true,"href":"https:\/\/www.ibermusicas.org\/index.php\/wp-json\/wp\/v2\/comments?post=5991"}],"version-history":[{"count":0,"href":"https:\/\/www.ibermusicas.org\/index.php\/wp-json\/wp\/v2\/posts\/5991\/revisions"}],"wp:featuredmedia":[{"embeddable":true,"href":"https:\/\/www.ibermusicas.org\/index.php\/wp-json\/wp\/v2\/media\/5989"}],"wp:attachment":[{"href":"https:\/\/www.ibermusicas.org\/index.php\/wp-json\/wp\/v2\/media?parent=5991"}],"wp:term":[{"taxonomy":"category","embeddable":true,"href":"https:\/\/www.ibermusicas.org\/index.php\/wp-json\/wp\/v2\/categories?post=5991"},{"taxonomy":"post_tag","embeddable":true,"href":"https:\/\/www.ibermusicas.org\/index.php\/wp-json\/wp\/v2\/tags?post=5991"}],"curies":[{"name":"wp","href":"https:\/\/api.w.org\/{rel}","templated":true}]}}