{"id":6051,"date":"2016-08-06T11:22:27","date_gmt":"2016-08-06T11:22:27","guid":{"rendered":"https:\/\/www.ibermusicas.org\/?p=6051"},"modified":"2021-05-06T11:25:58","modified_gmt":"2021-05-06T11:25:58","slug":"la-banda-show-marchante-dolores-de-uruguay-lleva-su-propuesta-a-la-iv-semana-de-la-educacion-artistica-en-santiago-de-chile","status":"publish","type":"post","link":"https:\/\/www.ibermusicas.org\/index.php\/la-banda-show-marchante-dolores-de-uruguay-lleva-su-propuesta-a-la-iv-semana-de-la-educacion-artistica-en-santiago-de-chile\/","title":{"rendered":"LA BANDA SHOW MARCHANTE DOLORES de Uruguay lleva su propuesta a la IV Semana de la Educaci\u00f3n Art\u00edstica en Santiago de Chile"},"content":{"rendered":"<p><span data-sheets-value=\"{&quot;1&quot;:2,&quot;2&quot;:&quot;Con 33 a\u00f1os de trayectoria la BANDA SHOW MARCHANTE DOLORES es un espacio de inclusi\u00f3n social gratuito y abierto a todo p\u00fablico que funciona como Escuela de m\u00fasicos, Escuela de baile y Agrupaci\u00f3n estable. Participa en diversas festividades y actividades ben\u00e9ficas de su comunidad y de otras partes del pa\u00eds.\\r \\r &quot;}\" data-sheets-userformat=\"{&quot;2&quot;:513,&quot;3&quot;:{&quot;1&quot;:0},&quot;12&quot;:0}\">Con 33 a\u00f1os de trayectoria la BANDA SHOW MARCHANTE DOLORES es un espacio de inclusi\u00f3n social gratuito y abierto a todo p\u00fablico que funciona como Escuela de m\u00fasicos, Escuela de baile y Agrupaci\u00f3n estable. Participa en diversas festividades y actividades ben\u00e9ficas de su comunidad y de otras partes del pa\u00eds. <\/span><\/p>\n","protected":false},"excerpt":{"rendered":"<p>Con 33 a\u00f1os de trayectoria la BANDA SHOW MARCHANTE DOLORES es un espacio de inclusi\u00f3n social gratuito y abierto a todo p\u00fablico que funciona como Escuela de m\u00fasicos, Escuela de baile y Agrupaci\u00f3n estable. Participa en diversas festividades y actividades ben\u00e9ficas de su comunidad y de otras partes del pa\u00eds.<\/p>\n","protected":false},"author":1,"featured_media":6052,"comment_status":"closed","ping_status":"closed","sticky":false,"template":"","format":"standard","meta":{"_monsterinsights_skip_tracking":false,"_monsterinsights_sitenote_active":false,"_monsterinsights_sitenote_note":"","_monsterinsights_sitenote_category":0,"footnotes":""},"categories":[53],"tags":[],"class_list":["post-6051","post","type-post","status-publish","format-standard","has-post-thumbnail","hentry","category-noticias-generales"],"lang":"es","translations":{"es":6051},"pll_sync_post":[],"post_mailing_queue_ids":[],"_links":{"self":[{"href":"https:\/\/www.ibermusicas.org\/index.php\/wp-json\/wp\/v2\/posts\/6051","targetHints":{"allow":["GET"]}}],"collection":[{"href":"https:\/\/www.ibermusicas.org\/index.php\/wp-json\/wp\/v2\/posts"}],"about":[{"href":"https:\/\/www.ibermusicas.org\/index.php\/wp-json\/wp\/v2\/types\/post"}],"author":[{"embeddable":true,"href":"https:\/\/www.ibermusicas.org\/index.php\/wp-json\/wp\/v2\/users\/1"}],"replies":[{"embeddable":true,"href":"https:\/\/www.ibermusicas.org\/index.php\/wp-json\/wp\/v2\/comments?post=6051"}],"version-history":[{"count":0,"href":"https:\/\/www.ibermusicas.org\/index.php\/wp-json\/wp\/v2\/posts\/6051\/revisions"}],"wp:featuredmedia":[{"embeddable":true,"href":"https:\/\/www.ibermusicas.org\/index.php\/wp-json\/wp\/v2\/media\/6052"}],"wp:attachment":[{"href":"https:\/\/www.ibermusicas.org\/index.php\/wp-json\/wp\/v2\/media?parent=6051"}],"wp:term":[{"taxonomy":"category","embeddable":true,"href":"https:\/\/www.ibermusicas.org\/index.php\/wp-json\/wp\/v2\/categories?post=6051"},{"taxonomy":"post_tag","embeddable":true,"href":"https:\/\/www.ibermusicas.org\/index.php\/wp-json\/wp\/v2\/tags?post=6051"}],"curies":[{"name":"wp","href":"https:\/\/api.w.org\/{rel}","templated":true}]}}