{"id":7021,"date":"2017-09-14T11:34:35","date_gmt":"2017-09-14T11:34:35","guid":{"rendered":"https:\/\/www.ibermusicas.org\/?p=7021"},"modified":"2021-06-14T11:35:46","modified_gmt":"2021-06-14T11:35:46","slug":"el-colectivo-mediabanda-de-chile-se-presentara-en-el-festivalternativo-de-mexico","status":"publish","type":"post","link":"https:\/\/www.ibermusicas.org\/index.php\/el-colectivo-mediabanda-de-chile-se-presentara-en-el-festivalternativo-de-mexico\/","title":{"rendered":"El colectivo MediaBanda de Chile se presentar\u00e1 en el FestivAlterNativo de M\u00e9xico"},"content":{"rendered":"<p><span data-sheets-value=\"{&quot;1&quot;:2,&quot;2&quot;:&quot;MediaBanda naci\u00f3 c\u00f3mo un manifiesto de continuidad, quiz\u00e1s c\u00f3mo una reparaci\u00f3n inconsciente al corte abrupto de la m\u00fasica chilena durante el reinado de los uniformes. &quot;}\" data-sheets-userformat=\"{&quot;2&quot;:513,&quot;3&quot;:{&quot;1&quot;:0},&quot;12&quot;:0}\">MediaBanda naci\u00f3 c\u00f3mo un manifiesto de continuidad, quiz\u00e1s c\u00f3mo una reparaci\u00f3n inconsciente al corte abrupto de la m\u00fasica chilena durante el reinado de los uniformes. <\/span><\/p>\n","protected":false},"excerpt":{"rendered":"<p>MediaBanda naci\u00f3 c\u00f3mo un manifiesto de continuidad, quiz\u00e1s c\u00f3mo una reparaci\u00f3n inconsciente al corte abrupto de la m\u00fasica chilena durante el reinado de los uniformes.<\/p>\n","protected":false},"author":1,"featured_media":7022,"comment_status":"closed","ping_status":"closed","sticky":false,"template":"","format":"standard","meta":{"_monsterinsights_skip_tracking":false,"_monsterinsights_sitenote_active":false,"_monsterinsights_sitenote_note":"","_monsterinsights_sitenote_category":0,"footnotes":""},"categories":[53],"tags":[],"class_list":["post-7021","post","type-post","status-publish","format-standard","has-post-thumbnail","hentry","category-noticias-generales"],"lang":"es","translations":{"es":7021},"pll_sync_post":[],"post_mailing_queue_ids":[],"_links":{"self":[{"href":"https:\/\/www.ibermusicas.org\/index.php\/wp-json\/wp\/v2\/posts\/7021","targetHints":{"allow":["GET"]}}],"collection":[{"href":"https:\/\/www.ibermusicas.org\/index.php\/wp-json\/wp\/v2\/posts"}],"about":[{"href":"https:\/\/www.ibermusicas.org\/index.php\/wp-json\/wp\/v2\/types\/post"}],"author":[{"embeddable":true,"href":"https:\/\/www.ibermusicas.org\/index.php\/wp-json\/wp\/v2\/users\/1"}],"replies":[{"embeddable":true,"href":"https:\/\/www.ibermusicas.org\/index.php\/wp-json\/wp\/v2\/comments?post=7021"}],"version-history":[{"count":0,"href":"https:\/\/www.ibermusicas.org\/index.php\/wp-json\/wp\/v2\/posts\/7021\/revisions"}],"wp:featuredmedia":[{"embeddable":true,"href":"https:\/\/www.ibermusicas.org\/index.php\/wp-json\/wp\/v2\/media\/7022"}],"wp:attachment":[{"href":"https:\/\/www.ibermusicas.org\/index.php\/wp-json\/wp\/v2\/media?parent=7021"}],"wp:term":[{"taxonomy":"category","embeddable":true,"href":"https:\/\/www.ibermusicas.org\/index.php\/wp-json\/wp\/v2\/categories?post=7021"},{"taxonomy":"post_tag","embeddable":true,"href":"https:\/\/www.ibermusicas.org\/index.php\/wp-json\/wp\/v2\/tags?post=7021"}],"curies":[{"name":"wp","href":"https:\/\/api.w.org\/{rel}","templated":true}]}}