{"id":7027,"date":"2017-09-10T11:37:18","date_gmt":"2017-09-10T11:37:18","guid":{"rendered":"https:\/\/www.ibermusicas.org\/?p=7027"},"modified":"2021-06-14T11:40:23","modified_gmt":"2021-06-14T11:40:23","slug":"la-artista-chilena-veronica-jara-realizara-presentaciones-en-chihuahua-y-en-ciudad-juarez-mexico-y-sera-parte-de-la-programacion-del-festival-sonamos-latinoamerica","status":"publish","type":"post","link":"https:\/\/www.ibermusicas.org\/index.php\/la-artista-chilena-veronica-jara-realizara-presentaciones-en-chihuahua-y-en-ciudad-juarez-mexico-y-sera-parte-de-la-programacion-del-festival-sonamos-latinoamerica\/","title":{"rendered":"La artista chilena Ver\u00f3nica Jara realizar\u00e1 presentaciones en Chihuahua y en Ciudad Ju\u00e1rez, M\u00e9xico y ser\u00e1 parte de la programaci\u00f3n del Festival Sonamos Latinoam\u00e9rica"},"content":{"rendered":"<p><span data-sheets-value=\"{&quot;1&quot;:2,&quot;2&quot;:&quot;Ver\u00f3nica Jara es autora, compositora e int\u00e9rprete. Su m\u00fasica nace desde la ra\u00edz folcl\u00f3rica acerc\u00e1ndose tambi\u00e9n a los sonidos del blues y del jazz, lo que se manifiesta tanto en sus propias creaciones como en las reversiones de temas tradicionales de la m\u00fasica chilena.&quot;}\" data-sheets-userformat=\"{&quot;2&quot;:515,&quot;3&quot;:{&quot;1&quot;:0},&quot;4&quot;:{&quot;1&quot;:2,&quot;2&quot;:13822754},&quot;12&quot;:0}\">Ver\u00f3nica Jara es autora, compositora e int\u00e9rprete. Su m\u00fasica nace desde la ra\u00edz folcl\u00f3rica acerc\u00e1ndose tambi\u00e9n a los sonidos del blues y del jazz, lo que se manifiesta tanto en sus propias creaciones como en las reversiones de temas tradicionales de la m\u00fasica chilena.<\/span><\/p>\n","protected":false},"excerpt":{"rendered":"<p>Ver\u00f3nica Jara es autora, compositora e int\u00e9rprete. Su m\u00fasica nace desde la ra\u00edz folcl\u00f3rica acerc\u00e1ndose tambi\u00e9n a los sonidos del blues y del jazz, lo que se manifiesta tanto en sus propias creaciones como en las reversiones de temas tradicionales de la m\u00fasica chilena.<\/p>\n","protected":false},"author":1,"featured_media":7028,"comment_status":"closed","ping_status":"closed","sticky":false,"template":"","format":"standard","meta":{"_monsterinsights_skip_tracking":false,"_monsterinsights_sitenote_active":false,"_monsterinsights_sitenote_note":"","_monsterinsights_sitenote_category":0,"footnotes":""},"categories":[53],"tags":[],"class_list":["post-7027","post","type-post","status-publish","format-standard","has-post-thumbnail","hentry","category-noticias-generales"],"lang":"es","translations":{"es":7027},"pll_sync_post":[],"post_mailing_queue_ids":[],"_links":{"self":[{"href":"https:\/\/www.ibermusicas.org\/index.php\/wp-json\/wp\/v2\/posts\/7027","targetHints":{"allow":["GET"]}}],"collection":[{"href":"https:\/\/www.ibermusicas.org\/index.php\/wp-json\/wp\/v2\/posts"}],"about":[{"href":"https:\/\/www.ibermusicas.org\/index.php\/wp-json\/wp\/v2\/types\/post"}],"author":[{"embeddable":true,"href":"https:\/\/www.ibermusicas.org\/index.php\/wp-json\/wp\/v2\/users\/1"}],"replies":[{"embeddable":true,"href":"https:\/\/www.ibermusicas.org\/index.php\/wp-json\/wp\/v2\/comments?post=7027"}],"version-history":[{"count":0,"href":"https:\/\/www.ibermusicas.org\/index.php\/wp-json\/wp\/v2\/posts\/7027\/revisions"}],"wp:featuredmedia":[{"embeddable":true,"href":"https:\/\/www.ibermusicas.org\/index.php\/wp-json\/wp\/v2\/media\/7028"}],"wp:attachment":[{"href":"https:\/\/www.ibermusicas.org\/index.php\/wp-json\/wp\/v2\/media?parent=7027"}],"wp:term":[{"taxonomy":"category","embeddable":true,"href":"https:\/\/www.ibermusicas.org\/index.php\/wp-json\/wp\/v2\/categories?post=7027"},{"taxonomy":"post_tag","embeddable":true,"href":"https:\/\/www.ibermusicas.org\/index.php\/wp-json\/wp\/v2\/tags?post=7027"}],"curies":[{"name":"wp","href":"https:\/\/api.w.org\/{rel}","templated":true}]}}