{"id":7047,"date":"2017-10-14T11:59:11","date_gmt":"2017-10-14T11:59:11","guid":{"rendered":"https:\/\/www.ibermusicas.org\/?p=7047"},"modified":"2021-06-14T12:04:18","modified_gmt":"2021-06-14T12:04:18","slug":"musica-estranha-de-brasil-lanza-su-nueva-convocatoria-para-una-residencia-de-creacion-musical-visual-ibermusicas-melab","status":"publish","type":"post","link":"https:\/\/www.ibermusicas.org\/index.php\/musica-estranha-de-brasil-lanza-su-nueva-convocatoria-para-una-residencia-de-creacion-musical-visual-ibermusicas-melab\/","title":{"rendered":"M\u00fasica Estranha de Brasil lanza su nueva convocatoria para una residencia de creaci\u00f3n musical Visual Iberm\u00fasicas\/MeLab"},"content":{"rendered":"<p><span data-sheets-value=\"{&quot;1&quot;:2,&quot;2&quot;:&quot;El Festival M\u00fasica Extra\u00f1a - Muestra Internacional de M\u00fasica Exploratoria, a trav\u00e9s de su laboratorio de formaci\u00f3n y reflexi\u00f3n sobre m\u00fasica contempor\u00e1nea, M\u00fasica Extra\u00f1a LAB, lanza su nueva convocatoria para la selecci\u00f3n de un creador musical que participar\u00e1 de una residencia art\u00edstica junto a un artista visual y a m\u00fasicos brasile\u00f1os para la creaci\u00f3n de una obra original involucrando los lenguajes sonoro y visual.\\r \\r &quot;}\" data-sheets-userformat=\"{&quot;2&quot;:513,&quot;3&quot;:{&quot;1&quot;:0},&quot;12&quot;:0}\">El Festival M\u00fasica Extra\u00f1a &#8211; Muestra Internacional de M\u00fasica Exploratoria, a trav\u00e9s de su laboratorio de formaci\u00f3n y reflexi\u00f3n sobre m\u00fasica contempor\u00e1nea, M\u00fasica Extra\u00f1a LAB, lanza su nueva convocatoria para la selecci\u00f3n de un creador musical que participar\u00e1 de una residencia art\u00edstica junto a un artista visual y a m\u00fasicos brasile\u00f1os para la creaci\u00f3n de una obra original involucrando los lenguajes sonoro y visual. <\/span><\/p>\n","protected":false},"excerpt":{"rendered":"<p>El Festival M\u00fasica Extra\u00f1a &#8211; Muestra Internacional de M\u00fasica Exploratoria, a trav\u00e9s de su laboratorio de formaci\u00f3n y reflexi\u00f3n sobre m\u00fasica contempor\u00e1nea, M\u00fasica Extra\u00f1a LAB, lanza su nueva convocatoria para la selecci\u00f3n de un creador musical que participar\u00e1 de una residencia art\u00edstica junto a un artista visual y a m\u00fasicos brasile\u00f1os para la creaci\u00f3n de [&hellip;]<\/p>\n","protected":false},"author":1,"featured_media":7048,"comment_status":"closed","ping_status":"closed","sticky":false,"template":"","format":"standard","meta":{"_monsterinsights_skip_tracking":false,"_monsterinsights_sitenote_active":false,"_monsterinsights_sitenote_note":"","_monsterinsights_sitenote_category":0,"footnotes":""},"categories":[53],"tags":[],"class_list":["post-7047","post","type-post","status-publish","format-standard","has-post-thumbnail","hentry","category-noticias-generales"],"lang":"es","translations":{"es":7047},"pll_sync_post":[],"post_mailing_queue_ids":[],"_links":{"self":[{"href":"https:\/\/www.ibermusicas.org\/index.php\/wp-json\/wp\/v2\/posts\/7047","targetHints":{"allow":["GET"]}}],"collection":[{"href":"https:\/\/www.ibermusicas.org\/index.php\/wp-json\/wp\/v2\/posts"}],"about":[{"href":"https:\/\/www.ibermusicas.org\/index.php\/wp-json\/wp\/v2\/types\/post"}],"author":[{"embeddable":true,"href":"https:\/\/www.ibermusicas.org\/index.php\/wp-json\/wp\/v2\/users\/1"}],"replies":[{"embeddable":true,"href":"https:\/\/www.ibermusicas.org\/index.php\/wp-json\/wp\/v2\/comments?post=7047"}],"version-history":[{"count":0,"href":"https:\/\/www.ibermusicas.org\/index.php\/wp-json\/wp\/v2\/posts\/7047\/revisions"}],"wp:featuredmedia":[{"embeddable":true,"href":"https:\/\/www.ibermusicas.org\/index.php\/wp-json\/wp\/v2\/media\/7048"}],"wp:attachment":[{"href":"https:\/\/www.ibermusicas.org\/index.php\/wp-json\/wp\/v2\/media?parent=7047"}],"wp:term":[{"taxonomy":"category","embeddable":true,"href":"https:\/\/www.ibermusicas.org\/index.php\/wp-json\/wp\/v2\/categories?post=7047"},{"taxonomy":"post_tag","embeddable":true,"href":"https:\/\/www.ibermusicas.org\/index.php\/wp-json\/wp\/v2\/tags?post=7047"}],"curies":[{"name":"wp","href":"https:\/\/api.w.org\/{rel}","templated":true}]}}