{"id":7061,"date":"2017-10-14T12:13:30","date_gmt":"2017-10-14T12:13:30","guid":{"rendered":"https:\/\/www.ibermusicas.org\/?p=7061"},"modified":"2021-06-14T12:15:32","modified_gmt":"2021-06-14T12:15:32","slug":"peru-salvaje-llevara-su-sorprendente-propuesta-musical-al-festival-disonarte-de-colombia","status":"publish","type":"post","link":"https:\/\/www.ibermusicas.org\/index.php\/peru-salvaje-llevara-su-sorprendente-propuesta-musical-al-festival-disonarte-de-colombia\/","title":{"rendered":"Per\u00fa Salvaje llevar\u00e1 su sorprendente propuesta musical al Festival Disonarte de Colombia"},"content":{"rendered":"<p>La banda trujillana Per\u00fa Salvaje ha logrado ganarse un espacio en el escenario musical peruano ofreciendo una propuesta musical basada en\u00a0la experimentaci\u00f3n de la\u00a0fusi\u00f3n\u00a0entre lo moderno y lo ancestral.<\/p>\n","protected":false},"excerpt":{"rendered":"<p>La banda trujillana Per\u00fa Salvaje ha logrado ganarse un espacio en el escenario musical peruano ofreciendo una propuesta musical basada en\u00a0la experimentaci\u00f3n de la\u00a0fusi\u00f3n\u00a0entre lo moderno y lo ancestral.<\/p>\n","protected":false},"author":1,"featured_media":7062,"comment_status":"closed","ping_status":"closed","sticky":false,"template":"","format":"standard","meta":{"_monsterinsights_skip_tracking":false,"_monsterinsights_sitenote_active":false,"_monsterinsights_sitenote_note":"","_monsterinsights_sitenote_category":0,"footnotes":""},"categories":[53],"tags":[],"class_list":["post-7061","post","type-post","status-publish","format-standard","has-post-thumbnail","hentry","category-noticias-generales"],"lang":"es","translations":{"es":7061},"pll_sync_post":[],"post_mailing_queue_ids":[],"_links":{"self":[{"href":"https:\/\/www.ibermusicas.org\/index.php\/wp-json\/wp\/v2\/posts\/7061","targetHints":{"allow":["GET"]}}],"collection":[{"href":"https:\/\/www.ibermusicas.org\/index.php\/wp-json\/wp\/v2\/posts"}],"about":[{"href":"https:\/\/www.ibermusicas.org\/index.php\/wp-json\/wp\/v2\/types\/post"}],"author":[{"embeddable":true,"href":"https:\/\/www.ibermusicas.org\/index.php\/wp-json\/wp\/v2\/users\/1"}],"replies":[{"embeddable":true,"href":"https:\/\/www.ibermusicas.org\/index.php\/wp-json\/wp\/v2\/comments?post=7061"}],"version-history":[{"count":0,"href":"https:\/\/www.ibermusicas.org\/index.php\/wp-json\/wp\/v2\/posts\/7061\/revisions"}],"wp:featuredmedia":[{"embeddable":true,"href":"https:\/\/www.ibermusicas.org\/index.php\/wp-json\/wp\/v2\/media\/7062"}],"wp:attachment":[{"href":"https:\/\/www.ibermusicas.org\/index.php\/wp-json\/wp\/v2\/media?parent=7061"}],"wp:term":[{"taxonomy":"category","embeddable":true,"href":"https:\/\/www.ibermusicas.org\/index.php\/wp-json\/wp\/v2\/categories?post=7061"},{"taxonomy":"post_tag","embeddable":true,"href":"https:\/\/www.ibermusicas.org\/index.php\/wp-json\/wp\/v2\/tags?post=7061"}],"curies":[{"name":"wp","href":"https:\/\/api.w.org\/{rel}","templated":true}]}}