{"id":7118,"date":"2017-09-25T22:51:02","date_gmt":"2017-09-25T22:51:02","guid":{"rendered":"https:\/\/www.ibermusicas.org\/?p=7118"},"modified":"2021-06-17T22:52:36","modified_gmt":"2021-06-17T22:52:36","slug":"desde-cuba-llega-a-la-argentina-la-trovuntivitis-para-realizar-mas-de-20-conciertos-en-distintos-escenarios-del-pais","status":"publish","type":"post","link":"https:\/\/www.ibermusicas.org\/index.php\/desde-cuba-llega-a-la-argentina-la-trovuntivitis-para-realizar-mas-de-20-conciertos-en-distintos-escenarios-del-pais\/","title":{"rendered":"Desde Cuba llega a la Argentina La Trovuntivitis para realizar m\u00e1s de 20 conciertos en distintos escenarios del pa\u00eds"},"content":{"rendered":"<p><span data-sheets-value=\"{&quot;1&quot;:2,&quot;2&quot;:&quot;La Trovuntivitis est\u00e1 reconocida como uno de los movimientos m\u00e1s importantes de la canci\u00f3n cubana. Se trata de un colectivo de 15 trovadores que desde 1997 se presenta todos los jueves en \u201cEl Mejunje de Silveiro\u201d de la ciudad de Santa Clara, Cuba. \\r &quot;}\" data-sheets-userformat=\"{&quot;2&quot;:513,&quot;3&quot;:{&quot;1&quot;:0},&quot;12&quot;:0}\">La Trovuntivitis est\u00e1 reconocida como uno de los movimientos m\u00e1s importantes de la canci\u00f3n cubana. Se trata de un colectivo de 15 trovadores que desde 1997 se presenta todos los jueves en \u201cEl Mejunje de Silveiro\u201d de la ciudad de Santa Clara, Cuba. <\/span><\/p>\n","protected":false},"excerpt":{"rendered":"<p>La Trovuntivitis est\u00e1 reconocida como uno de los movimientos m\u00e1s importantes de la canci\u00f3n cubana. Se trata de un colectivo de 15 trovadores que desde 1997 se presenta todos los jueves en \u201cEl Mejunje de Silveiro\u201d de la ciudad de Santa Clara, Cuba.<\/p>\n","protected":false},"author":1,"featured_media":7119,"comment_status":"closed","ping_status":"closed","sticky":false,"template":"","format":"standard","meta":{"_monsterinsights_skip_tracking":false,"_monsterinsights_sitenote_active":false,"_monsterinsights_sitenote_note":"","_monsterinsights_sitenote_category":0,"footnotes":""},"categories":[53],"tags":[],"class_list":["post-7118","post","type-post","status-publish","format-standard","has-post-thumbnail","hentry","category-noticias-generales"],"lang":"es","translations":{"es":7118},"pll_sync_post":[],"post_mailing_queue_ids":[],"_links":{"self":[{"href":"https:\/\/www.ibermusicas.org\/index.php\/wp-json\/wp\/v2\/posts\/7118","targetHints":{"allow":["GET"]}}],"collection":[{"href":"https:\/\/www.ibermusicas.org\/index.php\/wp-json\/wp\/v2\/posts"}],"about":[{"href":"https:\/\/www.ibermusicas.org\/index.php\/wp-json\/wp\/v2\/types\/post"}],"author":[{"embeddable":true,"href":"https:\/\/www.ibermusicas.org\/index.php\/wp-json\/wp\/v2\/users\/1"}],"replies":[{"embeddable":true,"href":"https:\/\/www.ibermusicas.org\/index.php\/wp-json\/wp\/v2\/comments?post=7118"}],"version-history":[{"count":0,"href":"https:\/\/www.ibermusicas.org\/index.php\/wp-json\/wp\/v2\/posts\/7118\/revisions"}],"wp:featuredmedia":[{"embeddable":true,"href":"https:\/\/www.ibermusicas.org\/index.php\/wp-json\/wp\/v2\/media\/7119"}],"wp:attachment":[{"href":"https:\/\/www.ibermusicas.org\/index.php\/wp-json\/wp\/v2\/media?parent=7118"}],"wp:term":[{"taxonomy":"category","embeddable":true,"href":"https:\/\/www.ibermusicas.org\/index.php\/wp-json\/wp\/v2\/categories?post=7118"},{"taxonomy":"post_tag","embeddable":true,"href":"https:\/\/www.ibermusicas.org\/index.php\/wp-json\/wp\/v2\/tags?post=7118"}],"curies":[{"name":"wp","href":"https:\/\/api.w.org\/{rel}","templated":true}]}}