{"id":7133,"date":"2017-10-06T11:09:42","date_gmt":"2017-10-06T11:09:42","guid":{"rendered":"https:\/\/www.ibermusicas.org\/?p=7133"},"modified":"2021-06-22T11:22:06","modified_gmt":"2021-06-22T11:22:06","slug":"desde-uruguay-el-grupo-ojos-del-cielo-viaja-a-espana-para-realizar-conciertos-en-san-sebastian-y-en-madrid","status":"publish","type":"post","link":"https:\/\/www.ibermusicas.org\/index.php\/desde-uruguay-el-grupo-ojos-del-cielo-viaja-a-espana-para-realizar-conciertos-en-san-sebastian-y-en-madrid\/","title":{"rendered":"Desde Uruguay el grupo Ojos del Cielo viaja a Espa\u00f1a para realizar conciertos en San Sebasti\u00e1n y en Madrid"},"content":{"rendered":"<p><span data-sheets-value=\"{&quot;1&quot;:2,&quot;2&quot;:&quot;Ojos del Cielo es un conjunto dedicado a la m\u00fasica instrumental integrado por Marcelo Fern\u00e1ndez, Gustavo Antu\u00f1a (guitarras), Maximiliano V\u00e9lez (viol\u00edn), Ignacio Gutierrez (teclado) y Andr\u00e9s Ibarburu (cello).&quot;}\" data-sheets-userformat=\"{&quot;2&quot;:513,&quot;3&quot;:{&quot;1&quot;:0},&quot;12&quot;:0}\">Ojos del Cielo es un conjunto dedicado a la m\u00fasica instrumental integrado por Marcelo Fern\u00e1ndez, Gustavo Antu\u00f1a (guitarras), Maximiliano V\u00e9lez (viol\u00edn), Ignacio Gutierrez (teclado) y Andr\u00e9s Ibarburu (cello).<\/span><\/p>\n","protected":false},"excerpt":{"rendered":"<p>Ojos del Cielo es un conjunto dedicado a la m\u00fasica instrumental integrado por Marcelo Fern\u00e1ndez, Gustavo Antu\u00f1a (guitarras), Maximiliano V\u00e9lez (viol\u00edn), Ignacio Gutierrez (teclado) y Andr\u00e9s Ibarburu (cello).<\/p>\n","protected":false},"author":1,"featured_media":7134,"comment_status":"closed","ping_status":"closed","sticky":false,"template":"","format":"standard","meta":{"_monsterinsights_skip_tracking":false,"_monsterinsights_sitenote_active":false,"_monsterinsights_sitenote_note":"","_monsterinsights_sitenote_category":0,"footnotes":""},"categories":[53],"tags":[],"class_list":["post-7133","post","type-post","status-publish","format-standard","has-post-thumbnail","hentry","category-noticias-generales"],"lang":"es","translations":{"es":7133},"pll_sync_post":[],"post_mailing_queue_ids":[],"_links":{"self":[{"href":"https:\/\/www.ibermusicas.org\/index.php\/wp-json\/wp\/v2\/posts\/7133","targetHints":{"allow":["GET"]}}],"collection":[{"href":"https:\/\/www.ibermusicas.org\/index.php\/wp-json\/wp\/v2\/posts"}],"about":[{"href":"https:\/\/www.ibermusicas.org\/index.php\/wp-json\/wp\/v2\/types\/post"}],"author":[{"embeddable":true,"href":"https:\/\/www.ibermusicas.org\/index.php\/wp-json\/wp\/v2\/users\/1"}],"replies":[{"embeddable":true,"href":"https:\/\/www.ibermusicas.org\/index.php\/wp-json\/wp\/v2\/comments?post=7133"}],"version-history":[{"count":0,"href":"https:\/\/www.ibermusicas.org\/index.php\/wp-json\/wp\/v2\/posts\/7133\/revisions"}],"wp:featuredmedia":[{"embeddable":true,"href":"https:\/\/www.ibermusicas.org\/index.php\/wp-json\/wp\/v2\/media\/7134"}],"wp:attachment":[{"href":"https:\/\/www.ibermusicas.org\/index.php\/wp-json\/wp\/v2\/media?parent=7133"}],"wp:term":[{"taxonomy":"category","embeddable":true,"href":"https:\/\/www.ibermusicas.org\/index.php\/wp-json\/wp\/v2\/categories?post=7133"},{"taxonomy":"post_tag","embeddable":true,"href":"https:\/\/www.ibermusicas.org\/index.php\/wp-json\/wp\/v2\/tags?post=7133"}],"curies":[{"name":"wp","href":"https:\/\/api.w.org\/{rel}","templated":true}]}}