{"id":7136,"date":"2017-10-22T11:22:17","date_gmt":"2017-10-22T11:22:17","guid":{"rendered":"https:\/\/www.ibermusicas.org\/?p=7136"},"modified":"2021-06-22T11:24:28","modified_gmt":"2021-06-22T11:24:28","slug":"en-la-ciudad-de-caldera-chile-se-llevara-a-cabo-una-nueva-edicion-del-festival-guitarras-al-puerto","status":"publish","type":"post","link":"https:\/\/www.ibermusicas.org\/index.php\/en-la-ciudad-de-caldera-chile-se-llevara-a-cabo-una-nueva-edicion-del-festival-guitarras-al-puerto\/","title":{"rendered":"En la ciudad de Caldera, Chile se llevar\u00e1 a cabo una nueva edici\u00f3n del Festival Guitarras al Puerto"},"content":{"rendered":"<p><span data-sheets-value=\"{&quot;1&quot;:2,&quot;2&quot;:&quot;En octubre se realizar\u00e1 el emblem\u00e1tico evento musical de Caldera, Chile, el ya tradicional Festival Guitarras al Puerto, un evento que re\u00fane en el escenario a destacados exponentes regionales de las guitarras ac\u00fasticas y el\u00e9ctricas.&quot;}\" data-sheets-userformat=\"{&quot;2&quot;:513,&quot;3&quot;:{&quot;1&quot;:0},&quot;12&quot;:0}\">En octubre se realizar\u00e1 el emblem\u00e1tico evento musical de Caldera, Chile, el ya tradicional Festival Guitarras al Puerto, un evento que re\u00fane en el escenario a destacados exponentes regionales de las guitarras ac\u00fasticas y el\u00e9ctricas.<\/span><\/p>\n","protected":false},"excerpt":{"rendered":"<p>En octubre se realizar\u00e1 el emblem\u00e1tico evento musical de Caldera, Chile, el ya tradicional Festival Guitarras al Puerto, un evento que re\u00fane en el escenario a destacados exponentes regionales de las guitarras ac\u00fasticas y el\u00e9ctricas.<\/p>\n","protected":false},"author":1,"featured_media":7137,"comment_status":"closed","ping_status":"closed","sticky":false,"template":"","format":"standard","meta":{"_monsterinsights_skip_tracking":false,"_monsterinsights_sitenote_active":false,"_monsterinsights_sitenote_note":"","_monsterinsights_sitenote_category":0,"footnotes":""},"categories":[53],"tags":[],"class_list":["post-7136","post","type-post","status-publish","format-standard","has-post-thumbnail","hentry","category-noticias-generales"],"lang":"es","translations":{"es":7136},"pll_sync_post":[],"post_mailing_queue_ids":[],"_links":{"self":[{"href":"https:\/\/www.ibermusicas.org\/index.php\/wp-json\/wp\/v2\/posts\/7136","targetHints":{"allow":["GET"]}}],"collection":[{"href":"https:\/\/www.ibermusicas.org\/index.php\/wp-json\/wp\/v2\/posts"}],"about":[{"href":"https:\/\/www.ibermusicas.org\/index.php\/wp-json\/wp\/v2\/types\/post"}],"author":[{"embeddable":true,"href":"https:\/\/www.ibermusicas.org\/index.php\/wp-json\/wp\/v2\/users\/1"}],"replies":[{"embeddable":true,"href":"https:\/\/www.ibermusicas.org\/index.php\/wp-json\/wp\/v2\/comments?post=7136"}],"version-history":[{"count":0,"href":"https:\/\/www.ibermusicas.org\/index.php\/wp-json\/wp\/v2\/posts\/7136\/revisions"}],"wp:featuredmedia":[{"embeddable":true,"href":"https:\/\/www.ibermusicas.org\/index.php\/wp-json\/wp\/v2\/media\/7137"}],"wp:attachment":[{"href":"https:\/\/www.ibermusicas.org\/index.php\/wp-json\/wp\/v2\/media?parent=7136"}],"wp:term":[{"taxonomy":"category","embeddable":true,"href":"https:\/\/www.ibermusicas.org\/index.php\/wp-json\/wp\/v2\/categories?post=7136"},{"taxonomy":"post_tag","embeddable":true,"href":"https:\/\/www.ibermusicas.org\/index.php\/wp-json\/wp\/v2\/tags?post=7136"}],"curies":[{"name":"wp","href":"https:\/\/api.w.org\/{rel}","templated":true}]}}