{"id":7140,"date":"2017-09-15T11:24:38","date_gmt":"2017-09-15T11:24:38","guid":{"rendered":"https:\/\/www.ibermusicas.org\/?p=7140"},"modified":"2021-06-22T11:26:42","modified_gmt":"2021-06-22T11:26:42","slug":"el-compositor-argentino-martin-neri-lleva-su-gira-matriz-del-agua-en-distintos-escenarios-de-europea","status":"publish","type":"post","link":"https:\/\/www.ibermusicas.org\/index.php\/el-compositor-argentino-martin-neri-lleva-su-gira-matriz-del-agua-en-distintos-escenarios-de-europea\/","title":{"rendered":"El compositor argentino Mart\u00edn Neri lleva su gira \u201cMatriz del Agua\u201d en distintos escenarios de europea"},"content":{"rendered":"<p><span data-sheets-value=\"{&quot;1&quot;:2,&quot;2&quot;:&quot;Mart\u00edn Neri presentar\u00e1 \u201cMatriz del Agua\u201d en Espa\u00f1a, Portugal, Francia, Suiza y Alemania. Se trata de una obra conceptual compuesta por diez canciones surgidas a partir de una cercana relaci\u00f3n sostenida con una familia de pescadores de La Boca de la Milonga, una peque\u00f1a isla ubicada en un brazo del R\u00edo Paran\u00e1.\\r \\r &quot;}\" data-sheets-userformat=\"{&quot;2&quot;:513,&quot;3&quot;:{&quot;1&quot;:0},&quot;12&quot;:0}\">Mart\u00edn Neri presentar\u00e1 \u201cMatriz del Agua\u201d en Espa\u00f1a, Portugal, Francia, Suiza y Alemania. Se trata de una obra conceptual compuesta por diez canciones surgidas a partir de una cercana relaci\u00f3n sostenida con una familia de pescadores de La Boca de la Milonga, una peque\u00f1a isla ubicada en un brazo del R\u00edo Paran\u00e1. <\/span><\/p>\n","protected":false},"excerpt":{"rendered":"<p>Mart\u00edn Neri presentar\u00e1 \u201cMatriz del Agua\u201d en Espa\u00f1a, Portugal, Francia, Suiza y Alemania. Se trata de una obra conceptual compuesta por diez canciones surgidas a partir de una cercana relaci\u00f3n sostenida con una familia de pescadores de La Boca de la Milonga, una peque\u00f1a isla ubicada en un brazo del R\u00edo Paran\u00e1.<\/p>\n","protected":false},"author":1,"featured_media":7141,"comment_status":"closed","ping_status":"closed","sticky":false,"template":"","format":"standard","meta":{"_monsterinsights_skip_tracking":false,"_monsterinsights_sitenote_active":false,"_monsterinsights_sitenote_note":"","_monsterinsights_sitenote_category":0,"footnotes":""},"categories":[53],"tags":[],"class_list":["post-7140","post","type-post","status-publish","format-standard","has-post-thumbnail","hentry","category-noticias-generales"],"lang":"es","translations":{"es":7140},"pll_sync_post":[],"post_mailing_queue_ids":[],"_links":{"self":[{"href":"https:\/\/www.ibermusicas.org\/index.php\/wp-json\/wp\/v2\/posts\/7140","targetHints":{"allow":["GET"]}}],"collection":[{"href":"https:\/\/www.ibermusicas.org\/index.php\/wp-json\/wp\/v2\/posts"}],"about":[{"href":"https:\/\/www.ibermusicas.org\/index.php\/wp-json\/wp\/v2\/types\/post"}],"author":[{"embeddable":true,"href":"https:\/\/www.ibermusicas.org\/index.php\/wp-json\/wp\/v2\/users\/1"}],"replies":[{"embeddable":true,"href":"https:\/\/www.ibermusicas.org\/index.php\/wp-json\/wp\/v2\/comments?post=7140"}],"version-history":[{"count":0,"href":"https:\/\/www.ibermusicas.org\/index.php\/wp-json\/wp\/v2\/posts\/7140\/revisions"}],"wp:featuredmedia":[{"embeddable":true,"href":"https:\/\/www.ibermusicas.org\/index.php\/wp-json\/wp\/v2\/media\/7141"}],"wp:attachment":[{"href":"https:\/\/www.ibermusicas.org\/index.php\/wp-json\/wp\/v2\/media?parent=7140"}],"wp:term":[{"taxonomy":"category","embeddable":true,"href":"https:\/\/www.ibermusicas.org\/index.php\/wp-json\/wp\/v2\/categories?post=7140"},{"taxonomy":"post_tag","embeddable":true,"href":"https:\/\/www.ibermusicas.org\/index.php\/wp-json\/wp\/v2\/tags?post=7140"}],"curies":[{"name":"wp","href":"https:\/\/api.w.org\/{rel}","templated":true}]}}