{"id":7143,"date":"2017-09-28T11:27:01","date_gmt":"2017-09-28T11:27:01","guid":{"rendered":"https:\/\/www.ibermusicas.org\/?p=7143"},"modified":"2021-06-22T11:28:20","modified_gmt":"2021-06-22T11:28:20","slug":"con-la-presencia-estelar-de-mauricio-garay-cid-el-gran-maestro-chileno-de-la-vihuela-andina-se-realizara-en-argentina-el-festival-santa-maria-de-los-buenos-aires","status":"publish","type":"post","link":"https:\/\/www.ibermusicas.org\/index.php\/con-la-presencia-estelar-de-mauricio-garay-cid-el-gran-maestro-chileno-de-la-vihuela-andina-se-realizara-en-argentina-el-festival-santa-maria-de-los-buenos-aires\/","title":{"rendered":"Con la presencia estelar de Mauricio Garay Cid, el gran maestro chileno de la vihuela andina, se realizar\u00e1 en Argentina el Festival Santa Mar\u00eda de los Buenos Aires"},"content":{"rendered":"<p><span data-sheets-value=\"{&quot;1&quot;:2,&quot;2&quot;:&quot;El Concurso y Festival Internacional de Guitarra Santa Mar\u00eda de los Buenos Aires (SMBA) es una propuesta art\u00edstica, cultural y pedag\u00f3gica en torno a la guitarra. Est\u00e1 orientado a la inclusi\u00f3n y el desarrollo permanente de la actividad guitarr\u00edstica en la rep\u00fablica Argentina. El eje fundamental es propiciar en el medio, el reconocimiento del m\u00fasico en formaci\u00f3n y favorecer un espacio de difusi\u00f3n para el desenvolvimiento del futuro profesional.\\r &quot;}\" data-sheets-userformat=\"{&quot;2&quot;:515,&quot;3&quot;:{&quot;1&quot;:0},&quot;4&quot;:{&quot;1&quot;:2,&quot;2&quot;:13822754},&quot;12&quot;:0}\">El Concurso y Festival Internacional de Guitarra Santa Mar\u00eda de los Buenos Aires (SMBA) es una propuesta art\u00edstica, cultural y pedag\u00f3gica en torno a la guitarra. Est\u00e1 orientado a la inclusi\u00f3n y el desarrollo permanente de la actividad guitarr\u00edstica en la rep\u00fablica Argentina. El eje fundamental es propiciar en el medio, el reconocimiento del m\u00fasico en formaci\u00f3n y favorecer un espacio de difusi\u00f3n para el desenvolvimiento del futuro profesional. <\/span><\/p>\n","protected":false},"excerpt":{"rendered":"<p>El Concurso y Festival Internacional de Guitarra Santa Mar\u00eda de los Buenos Aires (SMBA) es una propuesta art\u00edstica, cultural y pedag\u00f3gica en torno a la guitarra. Est\u00e1 orientado a la inclusi\u00f3n y el desarrollo permanente de la actividad guitarr\u00edstica en la rep\u00fablica Argentina. El eje fundamental es propiciar en el medio, el reconocimiento del m\u00fasico [&hellip;]<\/p>\n","protected":false},"author":1,"featured_media":7144,"comment_status":"closed","ping_status":"closed","sticky":false,"template":"","format":"standard","meta":{"_monsterinsights_skip_tracking":false,"_monsterinsights_sitenote_active":false,"_monsterinsights_sitenote_note":"","_monsterinsights_sitenote_category":0,"footnotes":""},"categories":[53],"tags":[],"class_list":["post-7143","post","type-post","status-publish","format-standard","has-post-thumbnail","hentry","category-noticias-generales"],"lang":"es","translations":{"es":7143},"pll_sync_post":[],"post_mailing_queue_ids":[],"_links":{"self":[{"href":"https:\/\/www.ibermusicas.org\/index.php\/wp-json\/wp\/v2\/posts\/7143","targetHints":{"allow":["GET"]}}],"collection":[{"href":"https:\/\/www.ibermusicas.org\/index.php\/wp-json\/wp\/v2\/posts"}],"about":[{"href":"https:\/\/www.ibermusicas.org\/index.php\/wp-json\/wp\/v2\/types\/post"}],"author":[{"embeddable":true,"href":"https:\/\/www.ibermusicas.org\/index.php\/wp-json\/wp\/v2\/users\/1"}],"replies":[{"embeddable":true,"href":"https:\/\/www.ibermusicas.org\/index.php\/wp-json\/wp\/v2\/comments?post=7143"}],"version-history":[{"count":0,"href":"https:\/\/www.ibermusicas.org\/index.php\/wp-json\/wp\/v2\/posts\/7143\/revisions"}],"wp:featuredmedia":[{"embeddable":true,"href":"https:\/\/www.ibermusicas.org\/index.php\/wp-json\/wp\/v2\/media\/7144"}],"wp:attachment":[{"href":"https:\/\/www.ibermusicas.org\/index.php\/wp-json\/wp\/v2\/media?parent=7143"}],"wp:term":[{"taxonomy":"category","embeddable":true,"href":"https:\/\/www.ibermusicas.org\/index.php\/wp-json\/wp\/v2\/categories?post=7143"},{"taxonomy":"post_tag","embeddable":true,"href":"https:\/\/www.ibermusicas.org\/index.php\/wp-json\/wp\/v2\/tags?post=7143"}],"curies":[{"name":"wp","href":"https:\/\/api.w.org\/{rel}","templated":true}]}}