{"id":7146,"date":"2017-10-15T11:28:28","date_gmt":"2017-10-15T11:28:28","guid":{"rendered":"https:\/\/www.ibermusicas.org\/?p=7146"},"modified":"2021-06-22T11:29:45","modified_gmt":"2021-06-22T11:29:45","slug":"en-xalapa-mexico-se-realizara-la-8va-edicion-del-festival-internacional-jazzuv-con-la-presencia-de-la-gran-compositora-e-interprete-marta-gomez","status":"publish","type":"post","link":"https:\/\/www.ibermusicas.org\/index.php\/en-xalapa-mexico-se-realizara-la-8va-edicion-del-festival-internacional-jazzuv-con-la-presencia-de-la-gran-compositora-e-interprete-marta-gomez\/","title":{"rendered":"En Xalapa, M\u00e9xico se realizar\u00e1 la 8va edici\u00f3n del Festival Internacional JazzUV con la presencia de la gran compositora e int\u00e9rprete Marta G\u00f3mez"},"content":{"rendered":"<p><span data-sheets-value=\"{&quot;1&quot;:2,&quot;2&quot;:&quot;Del 24 al 29 de octubre se celebrar\u00e1 la octava edici\u00f3n del Festival Internacional JazzUV que contar\u00e1 con m\u00e1s de 50 artistas internacionales, nacionales y locales, 5 pa\u00edses representados, y 38 actividades entre clases maestras, talleres, conciertos y jam sessions.\\r &quot;}\" data-sheets-userformat=\"{&quot;2&quot;:513,&quot;3&quot;:{&quot;1&quot;:0},&quot;12&quot;:0}\">Del 24 al 29 de octubre se celebrar\u00e1 la octava edici\u00f3n del Festival Internacional JazzUV que contar\u00e1 con m\u00e1s de 50 artistas internacionales, nacionales y locales, 5 pa\u00edses representados, y 38 actividades entre clases maestras, talleres, conciertos y jam sessions. <\/span><\/p>\n","protected":false},"excerpt":{"rendered":"<p>Del 24 al 29 de octubre se celebrar\u00e1 la octava edici\u00f3n del Festival Internacional JazzUV que contar\u00e1 con m\u00e1s de 50 artistas internacionales, nacionales y locales, 5 pa\u00edses representados, y 38 actividades entre clases maestras, talleres, conciertos y jam sessions.<\/p>\n","protected":false},"author":1,"featured_media":7147,"comment_status":"closed","ping_status":"closed","sticky":false,"template":"","format":"standard","meta":{"_monsterinsights_skip_tracking":false,"_monsterinsights_sitenote_active":false,"_monsterinsights_sitenote_note":"","_monsterinsights_sitenote_category":0,"footnotes":""},"categories":[53],"tags":[],"class_list":["post-7146","post","type-post","status-publish","format-standard","has-post-thumbnail","hentry","category-noticias-generales"],"lang":"es","translations":{"es":7146},"pll_sync_post":[],"post_mailing_queue_ids":[],"_links":{"self":[{"href":"https:\/\/www.ibermusicas.org\/index.php\/wp-json\/wp\/v2\/posts\/7146","targetHints":{"allow":["GET"]}}],"collection":[{"href":"https:\/\/www.ibermusicas.org\/index.php\/wp-json\/wp\/v2\/posts"}],"about":[{"href":"https:\/\/www.ibermusicas.org\/index.php\/wp-json\/wp\/v2\/types\/post"}],"author":[{"embeddable":true,"href":"https:\/\/www.ibermusicas.org\/index.php\/wp-json\/wp\/v2\/users\/1"}],"replies":[{"embeddable":true,"href":"https:\/\/www.ibermusicas.org\/index.php\/wp-json\/wp\/v2\/comments?post=7146"}],"version-history":[{"count":0,"href":"https:\/\/www.ibermusicas.org\/index.php\/wp-json\/wp\/v2\/posts\/7146\/revisions"}],"wp:featuredmedia":[{"embeddable":true,"href":"https:\/\/www.ibermusicas.org\/index.php\/wp-json\/wp\/v2\/media\/7147"}],"wp:attachment":[{"href":"https:\/\/www.ibermusicas.org\/index.php\/wp-json\/wp\/v2\/media?parent=7146"}],"wp:term":[{"taxonomy":"category","embeddable":true,"href":"https:\/\/www.ibermusicas.org\/index.php\/wp-json\/wp\/v2\/categories?post=7146"},{"taxonomy":"post_tag","embeddable":true,"href":"https:\/\/www.ibermusicas.org\/index.php\/wp-json\/wp\/v2\/tags?post=7146"}],"curies":[{"name":"wp","href":"https:\/\/api.w.org\/{rel}","templated":true}]}}