{"id":7149,"date":"2017-10-03T11:29:56","date_gmt":"2017-10-03T11:29:56","guid":{"rendered":"https:\/\/www.ibermusicas.org\/?p=7149"},"modified":"2021-06-22T11:31:09","modified_gmt":"2021-06-22T11:31:09","slug":"alan-plachta-viaja-desde-argentina-a-colombia-y-brasil-para-realizar-conciertos-en-distintos-escenarios-de-bogota-y-sao-pablo","status":"publish","type":"post","link":"https:\/\/www.ibermusicas.org\/index.php\/alan-plachta-viaja-desde-argentina-a-colombia-y-brasil-para-realizar-conciertos-en-distintos-escenarios-de-bogota-y-sao-pablo\/","title":{"rendered":"Alan Plachta viaja desde Argentina a Colombia y Brasil para realizar conciertos en distintos escenarios de Bogot\u00e1 y Sao Pablo"},"content":{"rendered":"<p><span data-sheets-value=\"{&quot;1&quot;:2,&quot;2&quot;:&quot;El guitarrista, compositor y arreglador Alan Plachta lleva su m\u00fasica y su esp\u00edritu de constante colaboraci\u00f3n creativa a diferentes salas de la ciudad de Bogot\u00e1, Colombia y Sao Pablo, Brasil donde realizar\u00e1 conciertos y talleres.\\r &quot;}\" data-sheets-userformat=\"{&quot;2&quot;:513,&quot;3&quot;:{&quot;1&quot;:0},&quot;12&quot;:0}\">El guitarrista, compositor y arreglador Alan Plachta lleva su m\u00fasica y su esp\u00edritu de constante colaboraci\u00f3n creativa a diferentes salas de la ciudad de Bogot\u00e1, Colombia y Sao Pablo, Brasil donde realizar\u00e1 conciertos y talleres. <\/span><\/p>\n","protected":false},"excerpt":{"rendered":"<p>El guitarrista, compositor y arreglador Alan Plachta lleva su m\u00fasica y su esp\u00edritu de constante colaboraci\u00f3n creativa a diferentes salas de la ciudad de Bogot\u00e1, Colombia y Sao Pablo, Brasil donde realizar\u00e1 conciertos y talleres.<\/p>\n","protected":false},"author":1,"featured_media":7150,"comment_status":"closed","ping_status":"closed","sticky":false,"template":"","format":"standard","meta":{"_monsterinsights_skip_tracking":false,"_monsterinsights_sitenote_active":false,"_monsterinsights_sitenote_note":"","_monsterinsights_sitenote_category":0,"footnotes":""},"categories":[53],"tags":[],"class_list":["post-7149","post","type-post","status-publish","format-standard","has-post-thumbnail","hentry","category-noticias-generales"],"lang":"es","translations":{"es":7149},"pll_sync_post":[],"post_mailing_queue_ids":[],"_links":{"self":[{"href":"https:\/\/www.ibermusicas.org\/index.php\/wp-json\/wp\/v2\/posts\/7149","targetHints":{"allow":["GET"]}}],"collection":[{"href":"https:\/\/www.ibermusicas.org\/index.php\/wp-json\/wp\/v2\/posts"}],"about":[{"href":"https:\/\/www.ibermusicas.org\/index.php\/wp-json\/wp\/v2\/types\/post"}],"author":[{"embeddable":true,"href":"https:\/\/www.ibermusicas.org\/index.php\/wp-json\/wp\/v2\/users\/1"}],"replies":[{"embeddable":true,"href":"https:\/\/www.ibermusicas.org\/index.php\/wp-json\/wp\/v2\/comments?post=7149"}],"version-history":[{"count":0,"href":"https:\/\/www.ibermusicas.org\/index.php\/wp-json\/wp\/v2\/posts\/7149\/revisions"}],"wp:featuredmedia":[{"embeddable":true,"href":"https:\/\/www.ibermusicas.org\/index.php\/wp-json\/wp\/v2\/media\/7150"}],"wp:attachment":[{"href":"https:\/\/www.ibermusicas.org\/index.php\/wp-json\/wp\/v2\/media?parent=7149"}],"wp:term":[{"taxonomy":"category","embeddable":true,"href":"https:\/\/www.ibermusicas.org\/index.php\/wp-json\/wp\/v2\/categories?post=7149"},{"taxonomy":"post_tag","embeddable":true,"href":"https:\/\/www.ibermusicas.org\/index.php\/wp-json\/wp\/v2\/tags?post=7149"}],"curies":[{"name":"wp","href":"https:\/\/api.w.org\/{rel}","templated":true}]}}