{"id":7155,"date":"2017-10-19T11:32:42","date_gmt":"2017-10-19T11:32:42","guid":{"rendered":"https:\/\/www.ibermusicas.org\/?p=7155"},"modified":"2021-06-22T11:33:52","modified_gmt":"2021-06-22T11:33:52","slug":"desde-la-ciudad-de-cordoba-argentina-damian-torres-quinteto-lleva-su-musica-hasta-baja-california-mexico","status":"publish","type":"post","link":"https:\/\/www.ibermusicas.org\/index.php\/desde-la-ciudad-de-cordoba-argentina-damian-torres-quinteto-lleva-su-musica-hasta-baja-california-mexico\/","title":{"rendered":"Desde la ciudad de C\u00f3rdoba, Argentina, Dami\u00e1n Torres quinteto lleva su m\u00fasica hasta Baja California, M\u00e9xico"},"content":{"rendered":"<p><span data-sheets-value=\"{&quot;1&quot;:2,&quot;2&quot;:&quot;El quinteto de tango dirigido por el argentino Dami\u00e1n Torres realizar\u00e1 presentaciones en distintas salas de Baja California. En el concierto del d\u00eda 26 de octubre compartir\u00e1n escenario con la Orquesta de Baja California.\\r \\r &quot;}\" data-sheets-userformat=\"{&quot;2&quot;:513,&quot;3&quot;:{&quot;1&quot;:0},&quot;12&quot;:0}\">El quinteto de tango dirigido por el argentino Dami\u00e1n Torres realizar\u00e1 presentaciones en distintas salas de Baja California. En el concierto del d\u00eda 26 de octubre compartir\u00e1n escenario con la Orquesta de Baja California. <\/span><\/p>\n","protected":false},"excerpt":{"rendered":"<p>El quinteto de tango dirigido por el argentino Dami\u00e1n Torres realizar\u00e1 presentaciones en distintas salas de Baja California. En el concierto del d\u00eda 26 de octubre compartir\u00e1n escenario con la Orquesta de Baja California.<\/p>\n","protected":false},"author":1,"featured_media":7156,"comment_status":"closed","ping_status":"closed","sticky":false,"template":"","format":"standard","meta":{"_monsterinsights_skip_tracking":false,"_monsterinsights_sitenote_active":false,"_monsterinsights_sitenote_note":"","_monsterinsights_sitenote_category":0,"footnotes":""},"categories":[53],"tags":[],"class_list":["post-7155","post","type-post","status-publish","format-standard","has-post-thumbnail","hentry","category-noticias-generales"],"lang":"es","translations":{"es":7155},"pll_sync_post":[],"post_mailing_queue_ids":[],"_links":{"self":[{"href":"https:\/\/www.ibermusicas.org\/index.php\/wp-json\/wp\/v2\/posts\/7155","targetHints":{"allow":["GET"]}}],"collection":[{"href":"https:\/\/www.ibermusicas.org\/index.php\/wp-json\/wp\/v2\/posts"}],"about":[{"href":"https:\/\/www.ibermusicas.org\/index.php\/wp-json\/wp\/v2\/types\/post"}],"author":[{"embeddable":true,"href":"https:\/\/www.ibermusicas.org\/index.php\/wp-json\/wp\/v2\/users\/1"}],"replies":[{"embeddable":true,"href":"https:\/\/www.ibermusicas.org\/index.php\/wp-json\/wp\/v2\/comments?post=7155"}],"version-history":[{"count":0,"href":"https:\/\/www.ibermusicas.org\/index.php\/wp-json\/wp\/v2\/posts\/7155\/revisions"}],"wp:featuredmedia":[{"embeddable":true,"href":"https:\/\/www.ibermusicas.org\/index.php\/wp-json\/wp\/v2\/media\/7156"}],"wp:attachment":[{"href":"https:\/\/www.ibermusicas.org\/index.php\/wp-json\/wp\/v2\/media?parent=7155"}],"wp:term":[{"taxonomy":"category","embeddable":true,"href":"https:\/\/www.ibermusicas.org\/index.php\/wp-json\/wp\/v2\/categories?post=7155"},{"taxonomy":"post_tag","embeddable":true,"href":"https:\/\/www.ibermusicas.org\/index.php\/wp-json\/wp\/v2\/tags?post=7155"}],"curies":[{"name":"wp","href":"https:\/\/api.w.org\/{rel}","templated":true}]}}