{"id":7205,"date":"2017-12-01T13:29:12","date_gmt":"2017-12-01T13:29:12","guid":{"rendered":"https:\/\/www.ibermusicas.org\/?p=7205"},"modified":"2021-06-24T13:32:46","modified_gmt":"2021-06-24T13:32:46","slug":"mamasonika-el-grupo-de-percusion-danza-y-canto-integrado-por-cinco-mujeres-mexicanas-viaja-al-x-festival-latitudes-latinas-en-salvador-brasil","status":"publish","type":"post","link":"https:\/\/www.ibermusicas.org\/index.php\/mamasonika-el-grupo-de-percusion-danza-y-canto-integrado-por-cinco-mujeres-mexicanas-viaja-al-x-festival-latitudes-latinas-en-salvador-brasil\/","title":{"rendered":"MamaS\u00f3niKa , el grupo de percusi\u00f3n, danza y canto integrado por cinco mujeres mexicanas, viaja al X Festival Latitudes Latinas en Salvador, Brasil"},"content":{"rendered":"<p>Cinco mujeres con amplios recorridos y m\u00faltiples experiencias en m\u00fasica y danza, se re\u00fanen para darle vida a un repertorio \u00fanico y diverso. \u00fanico y diverso.<\/p>\n","protected":false},"excerpt":{"rendered":"<p>Cinco mujeres con amplios recorridos y m\u00faltiples experiencias en m\u00fasica y danza, se re\u00fanen para darle vida a un repertorio \u00fanico y diverso. \u00fanico y diverso.<\/p>\n","protected":false},"author":1,"featured_media":7206,"comment_status":"closed","ping_status":"closed","sticky":false,"template":"","format":"standard","meta":{"_monsterinsights_skip_tracking":false,"_monsterinsights_sitenote_active":false,"_monsterinsights_sitenote_note":"","_monsterinsights_sitenote_category":0,"footnotes":""},"categories":[53],"tags":[],"class_list":["post-7205","post","type-post","status-publish","format-standard","has-post-thumbnail","hentry","category-noticias-generales"],"lang":"es","translations":{"es":7205},"pll_sync_post":[],"post_mailing_queue_ids":[],"_links":{"self":[{"href":"https:\/\/www.ibermusicas.org\/index.php\/wp-json\/wp\/v2\/posts\/7205","targetHints":{"allow":["GET"]}}],"collection":[{"href":"https:\/\/www.ibermusicas.org\/index.php\/wp-json\/wp\/v2\/posts"}],"about":[{"href":"https:\/\/www.ibermusicas.org\/index.php\/wp-json\/wp\/v2\/types\/post"}],"author":[{"embeddable":true,"href":"https:\/\/www.ibermusicas.org\/index.php\/wp-json\/wp\/v2\/users\/1"}],"replies":[{"embeddable":true,"href":"https:\/\/www.ibermusicas.org\/index.php\/wp-json\/wp\/v2\/comments?post=7205"}],"version-history":[{"count":0,"href":"https:\/\/www.ibermusicas.org\/index.php\/wp-json\/wp\/v2\/posts\/7205\/revisions"}],"wp:featuredmedia":[{"embeddable":true,"href":"https:\/\/www.ibermusicas.org\/index.php\/wp-json\/wp\/v2\/media\/7206"}],"wp:attachment":[{"href":"https:\/\/www.ibermusicas.org\/index.php\/wp-json\/wp\/v2\/media?parent=7205"}],"wp:term":[{"taxonomy":"category","embeddable":true,"href":"https:\/\/www.ibermusicas.org\/index.php\/wp-json\/wp\/v2\/categories?post=7205"},{"taxonomy":"post_tag","embeddable":true,"href":"https:\/\/www.ibermusicas.org\/index.php\/wp-json\/wp\/v2\/tags?post=7205"}],"curies":[{"name":"wp","href":"https:\/\/api.w.org\/{rel}","templated":true}]}}