{"id":7223,"date":"2017-12-15T14:32:20","date_gmt":"2017-12-15T14:32:20","guid":{"rendered":"https:\/\/www.ibermusicas.org\/?p=7223"},"modified":"2021-06-24T14:37:05","modified_gmt":"2021-06-24T14:37:05","slug":"ya-e-encuentran-publicado-los-resultados-de-las-convocatorias-ibermusicas-2017","status":"publish","type":"post","link":"https:\/\/www.ibermusicas.org\/index.php\/ya-e-encuentran-publicado-los-resultados-de-las-convocatorias-ibermusicas-2017\/","title":{"rendered":"Ya e encuentran publicado los resultados de las Convocatorias IBERM\u00daSICAS 2017"},"content":{"rendered":"<p><span data-sheets-value=\"{&quot;1&quot;:2,&quot;2&quot;:&quot;Es motivo de gran alegr\u00eda para todos los que hacemos Iberm\u00fasicas anunciar por sexto a\u00f1o consecutivo los proyectos seleccionados por nuestros jurados. Se trata de los proyectos presentados en 2017 para acciones a realizarse durante 2018 dentro de las siguientes l\u00edneas de acci\u00f3n:\\r \\r \\r  &quot;}\" data-sheets-userformat=\"{&quot;2&quot;:513,&quot;3&quot;:{&quot;1&quot;:0},&quot;12&quot;:0}\">Es motivo de gran alegr\u00eda para todos los que hacemos Iberm\u00fasicas anunciar por sexto a\u00f1o consecutivo los proyectos seleccionados por nuestros jurados. Se trata de los proyectos presentados en 2017 para acciones a realizarse durante 2018.<\/span><\/p>\n","protected":false},"excerpt":{"rendered":"<p>Es motivo de gran alegr\u00eda para todos los que hacemos Iberm\u00fasicas anunciar por sexto a\u00f1o consecutivo los proyectos seleccionados por nuestros jurados. Se trata de los proyectos presentados en 2017 para acciones a realizarse durante 2018.<\/p>\n","protected":false},"author":1,"featured_media":7224,"comment_status":"closed","ping_status":"closed","sticky":false,"template":"","format":"standard","meta":{"_monsterinsights_skip_tracking":false,"_monsterinsights_sitenote_active":false,"_monsterinsights_sitenote_note":"","_monsterinsights_sitenote_category":0,"footnotes":""},"categories":[53],"tags":[],"class_list":["post-7223","post","type-post","status-publish","format-standard","has-post-thumbnail","hentry","category-noticias-generales"],"lang":"es","translations":{"es":7223},"pll_sync_post":[],"post_mailing_queue_ids":[],"_links":{"self":[{"href":"https:\/\/www.ibermusicas.org\/index.php\/wp-json\/wp\/v2\/posts\/7223","targetHints":{"allow":["GET"]}}],"collection":[{"href":"https:\/\/www.ibermusicas.org\/index.php\/wp-json\/wp\/v2\/posts"}],"about":[{"href":"https:\/\/www.ibermusicas.org\/index.php\/wp-json\/wp\/v2\/types\/post"}],"author":[{"embeddable":true,"href":"https:\/\/www.ibermusicas.org\/index.php\/wp-json\/wp\/v2\/users\/1"}],"replies":[{"embeddable":true,"href":"https:\/\/www.ibermusicas.org\/index.php\/wp-json\/wp\/v2\/comments?post=7223"}],"version-history":[{"count":0,"href":"https:\/\/www.ibermusicas.org\/index.php\/wp-json\/wp\/v2\/posts\/7223\/revisions"}],"wp:featuredmedia":[{"embeddable":true,"href":"https:\/\/www.ibermusicas.org\/index.php\/wp-json\/wp\/v2\/media\/7224"}],"wp:attachment":[{"href":"https:\/\/www.ibermusicas.org\/index.php\/wp-json\/wp\/v2\/media?parent=7223"}],"wp:term":[{"taxonomy":"category","embeddable":true,"href":"https:\/\/www.ibermusicas.org\/index.php\/wp-json\/wp\/v2\/categories?post=7223"},{"taxonomy":"post_tag","embeddable":true,"href":"https:\/\/www.ibermusicas.org\/index.php\/wp-json\/wp\/v2\/tags?post=7223"}],"curies":[{"name":"wp","href":"https:\/\/api.w.org\/{rel}","templated":true}]}}