{"id":7244,"date":"2017-12-22T16:30:58","date_gmt":"2017-12-22T16:30:58","guid":{"rendered":"https:\/\/www.ibermusicas.org\/?p=7244"},"modified":"2021-06-24T16:32:21","modified_gmt":"2021-06-24T16:32:21","slug":"a-orillas-del-mar-en-la-serena-uruguay-se-realizara-una-nueva-edicion-del-festival-serenadas-en-el-que-participaran-cantautores-de-uruguay-espana-brasil-chile-y-argentina","status":"publish","type":"post","link":"https:\/\/www.ibermusicas.org\/index.php\/a-orillas-del-mar-en-la-serena-uruguay-se-realizara-una-nueva-edicion-del-festival-serenadas-en-el-que-participaran-cantautores-de-uruguay-espana-brasil-chile-y-argentina\/","title":{"rendered":"A orillas del mar en La Serena, Uruguay, se realizar\u00e1 una nueva edici\u00f3n del Festival Serenadas en el que participar\u00e1n cantautores de Uruguay, Espa\u00f1a, Brasil, Chile y Argentina"},"content":{"rendered":"<p><span data-sheets-value=\"{&quot;1&quot;:2,&quot;2&quot;:&quot;El Festival Internacional Serenadas re\u00fane durante el mes de enero a artistas Iberoamericanos cultores de la canci\u00f3n de autor en un enclave geogr\u00e1fico inigualable; La Serena, Rocha, Uruguay.\\r \\r &quot;}\" data-sheets-userformat=\"{&quot;2&quot;:513,&quot;3&quot;:{&quot;1&quot;:0},&quot;12&quot;:0}\">El Festival Internacional Serenadas re\u00fane durante el mes de enero a artistas Iberoamericanos cultores de la canci\u00f3n de autor en un enclave geogr\u00e1fico inigualable; La Serena, Rocha, Uruguay. <\/span><\/p>\n","protected":false},"excerpt":{"rendered":"<p>El Festival Internacional Serenadas re\u00fane durante el mes de enero a artistas Iberoamericanos cultores de la canci\u00f3n de autor en un enclave geogr\u00e1fico inigualable; La Serena, Rocha, Uruguay.<\/p>\n","protected":false},"author":1,"featured_media":7245,"comment_status":"closed","ping_status":"closed","sticky":false,"template":"","format":"standard","meta":{"_monsterinsights_skip_tracking":false,"_monsterinsights_sitenote_active":false,"_monsterinsights_sitenote_note":"","_monsterinsights_sitenote_category":0,"footnotes":""},"categories":[53],"tags":[],"class_list":["post-7244","post","type-post","status-publish","format-standard","has-post-thumbnail","hentry","category-noticias-generales"],"lang":"es","translations":{"es":7244},"pll_sync_post":[],"post_mailing_queue_ids":[],"_links":{"self":[{"href":"https:\/\/www.ibermusicas.org\/index.php\/wp-json\/wp\/v2\/posts\/7244","targetHints":{"allow":["GET"]}}],"collection":[{"href":"https:\/\/www.ibermusicas.org\/index.php\/wp-json\/wp\/v2\/posts"}],"about":[{"href":"https:\/\/www.ibermusicas.org\/index.php\/wp-json\/wp\/v2\/types\/post"}],"author":[{"embeddable":true,"href":"https:\/\/www.ibermusicas.org\/index.php\/wp-json\/wp\/v2\/users\/1"}],"replies":[{"embeddable":true,"href":"https:\/\/www.ibermusicas.org\/index.php\/wp-json\/wp\/v2\/comments?post=7244"}],"version-history":[{"count":0,"href":"https:\/\/www.ibermusicas.org\/index.php\/wp-json\/wp\/v2\/posts\/7244\/revisions"}],"wp:featuredmedia":[{"embeddable":true,"href":"https:\/\/www.ibermusicas.org\/index.php\/wp-json\/wp\/v2\/media\/7245"}],"wp:attachment":[{"href":"https:\/\/www.ibermusicas.org\/index.php\/wp-json\/wp\/v2\/media?parent=7244"}],"wp:term":[{"taxonomy":"category","embeddable":true,"href":"https:\/\/www.ibermusicas.org\/index.php\/wp-json\/wp\/v2\/categories?post=7244"},{"taxonomy":"post_tag","embeddable":true,"href":"https:\/\/www.ibermusicas.org\/index.php\/wp-json\/wp\/v2\/tags?post=7244"}],"curies":[{"name":"wp","href":"https:\/\/api.w.org\/{rel}","templated":true}]}}