{"id":7253,"date":"2018-01-05T16:36:02","date_gmt":"2018-01-05T16:36:02","guid":{"rendered":"https:\/\/www.ibermusicas.org\/?p=7253"},"modified":"2021-06-24T16:37:14","modified_gmt":"2021-06-24T16:37:14","slug":"se-realizara-en-chile-una-nueva-edicion-del-festival-musicas-del-mundo-con-la-presencia-de-artistas-de-chile-peru-israel-austria-y-colombia","status":"publish","type":"post","link":"https:\/\/www.ibermusicas.org\/index.php\/se-realizara-en-chile-una-nueva-edicion-del-festival-musicas-del-mundo-con-la-presencia-de-artistas-de-chile-peru-israel-austria-y-colombia\/","title":{"rendered":"Se realizar\u00e1 en Chile una nueva edici\u00f3n del Festival M\u00fasicas del Mundo con la presencia de artistas de Chile, Per\u00fa, Israel, Austria y Colombia"},"content":{"rendered":"<p><span data-sheets-value=\"{&quot;1&quot;:2,&quot;2&quot;:&quot;El festival organizado por la Corporaci\u00f3n Cultural de Las Condes y Red Mundovivo, que este a\u00f1o adem\u00e1s cuenta con el apoyo del Consejo Nacional de la Cultura y las Artes y del programa Iberm\u00fasicas, fue creado en 2002 y ya es un encuentro tradicional en Las Condes. Se realizan tres versiones al a\u00f1o, en oto\u00f1o y primavera en un formato de c\u00e1mara (en el Teatro del Centro Cultural) y en el verano al aire libre en exteriores de Santa Rosa de Apoquindo.\\r \\r &quot;}\" data-sheets-userformat=\"{&quot;2&quot;:513,&quot;3&quot;:{&quot;1&quot;:0},&quot;12&quot;:0}\">El festival organizado por la Corporaci\u00f3n Cultural de Las Condes y Red Mundovivo, que este a\u00f1o adem\u00e1s cuenta con el apoyo del Consejo Nacional de la Cultura y las Artes y del programa Iberm\u00fasicas, fue creado en 2002 y ya es un encuentro tradicional en Las Condes. Se realizan tres versiones al a\u00f1o, en oto\u00f1o y primavera en un formato de c\u00e1mara (en el Teatro del Centro Cultural) y en el verano al aire libre en exteriores de Santa Rosa de Apoquindo. <\/span><\/p>\n","protected":false},"excerpt":{"rendered":"<p>El festival organizado por la Corporaci\u00f3n Cultural de Las Condes y Red Mundovivo, que este a\u00f1o adem\u00e1s cuenta con el apoyo del Consejo Nacional de la Cultura y las Artes y del programa Iberm\u00fasicas, fue creado en 2002 y ya es un encuentro tradicional en Las Condes. Se realizan tres versiones al a\u00f1o, en oto\u00f1o [&hellip;]<\/p>\n","protected":false},"author":1,"featured_media":7254,"comment_status":"closed","ping_status":"closed","sticky":false,"template":"","format":"standard","meta":{"_monsterinsights_skip_tracking":false,"_monsterinsights_sitenote_active":false,"_monsterinsights_sitenote_note":"","_monsterinsights_sitenote_category":0,"footnotes":""},"categories":[53],"tags":[],"class_list":["post-7253","post","type-post","status-publish","format-standard","has-post-thumbnail","hentry","category-noticias-generales"],"lang":"es","translations":{"es":7253},"pll_sync_post":[],"post_mailing_queue_ids":[],"_links":{"self":[{"href":"https:\/\/www.ibermusicas.org\/index.php\/wp-json\/wp\/v2\/posts\/7253","targetHints":{"allow":["GET"]}}],"collection":[{"href":"https:\/\/www.ibermusicas.org\/index.php\/wp-json\/wp\/v2\/posts"}],"about":[{"href":"https:\/\/www.ibermusicas.org\/index.php\/wp-json\/wp\/v2\/types\/post"}],"author":[{"embeddable":true,"href":"https:\/\/www.ibermusicas.org\/index.php\/wp-json\/wp\/v2\/users\/1"}],"replies":[{"embeddable":true,"href":"https:\/\/www.ibermusicas.org\/index.php\/wp-json\/wp\/v2\/comments?post=7253"}],"version-history":[{"count":0,"href":"https:\/\/www.ibermusicas.org\/index.php\/wp-json\/wp\/v2\/posts\/7253\/revisions"}],"wp:featuredmedia":[{"embeddable":true,"href":"https:\/\/www.ibermusicas.org\/index.php\/wp-json\/wp\/v2\/media\/7254"}],"wp:attachment":[{"href":"https:\/\/www.ibermusicas.org\/index.php\/wp-json\/wp\/v2\/media?parent=7253"}],"wp:term":[{"taxonomy":"category","embeddable":true,"href":"https:\/\/www.ibermusicas.org\/index.php\/wp-json\/wp\/v2\/categories?post=7253"},{"taxonomy":"post_tag","embeddable":true,"href":"https:\/\/www.ibermusicas.org\/index.php\/wp-json\/wp\/v2\/tags?post=7253"}],"curies":[{"name":"wp","href":"https:\/\/api.w.org\/{rel}","templated":true}]}}