{"id":7259,"date":"2018-01-20T16:39:03","date_gmt":"2018-01-20T16:39:03","guid":{"rendered":"https:\/\/www.ibermusicas.org\/?p=7259"},"modified":"2021-06-24T16:40:03","modified_gmt":"2021-06-24T16:40:03","slug":"nochi-el-experimental-e-inquieto-musico-costarricense-iniciara-una-larga-gira-que-lo-llevara-por-escenarios-de-peru-chile-y-argentina","status":"publish","type":"post","link":"https:\/\/www.ibermusicas.org\/index.php\/nochi-el-experimental-e-inquieto-musico-costarricense-iniciara-una-larga-gira-que-lo-llevara-por-escenarios-de-peru-chile-y-argentina\/","title":{"rendered":"Nochi, el experimental e inquieto m\u00fasico Costarricense iniciar\u00e1 una larga gira que lo llevar\u00e1 por escenarios de Per\u00fa, Chile y Argentina"},"content":{"rendered":"<p><span data-sheets-value=\"{&quot;1&quot;:2,&quot;2&quot;:&quot;Nochi es cofundador de Deep Underground Beats, un colectivo de artistas con base en San Jos\u00e9 de Costa Rica que fue fundado hace once a\u00f1os por cuatro artistas que combinan su vasta experiencia en m\u00fasica, video y dise\u00f1o. Durante muchos a\u00f1os realizaron fiestas electr\u00f3nicas en diferentes ciudades y pa\u00edses.\\r \\r &quot;}\" data-sheets-userformat=\"{&quot;2&quot;:513,&quot;3&quot;:{&quot;1&quot;:0},&quot;12&quot;:0}\">Nochi es cofundador de Deep Underground Beats, un colectivo de artistas con base en San Jos\u00e9 de Costa Rica que fue fundado hace once a\u00f1os por cuatro artistas que combinan su vasta experiencia en m\u00fasica, video y dise\u00f1o. Durante muchos a\u00f1os realizaron fiestas electr\u00f3nicas en diferentes ciudades y pa\u00edses. <\/span><\/p>\n","protected":false},"excerpt":{"rendered":"<p>Nochi es cofundador de Deep Underground Beats, un colectivo de artistas con base en San Jos\u00e9 de Costa Rica que fue fundado hace once a\u00f1os por cuatro artistas que combinan su vasta experiencia en m\u00fasica, video y dise\u00f1o. Durante muchos a\u00f1os realizaron fiestas electr\u00f3nicas en diferentes ciudades y pa\u00edses.<\/p>\n","protected":false},"author":1,"featured_media":7260,"comment_status":"closed","ping_status":"closed","sticky":false,"template":"","format":"standard","meta":{"_monsterinsights_skip_tracking":false,"_monsterinsights_sitenote_active":false,"_monsterinsights_sitenote_note":"","_monsterinsights_sitenote_category":0,"footnotes":""},"categories":[53],"tags":[],"class_list":["post-7259","post","type-post","status-publish","format-standard","has-post-thumbnail","hentry","category-noticias-generales"],"lang":"es","translations":{"es":7259},"pll_sync_post":[],"post_mailing_queue_ids":[],"_links":{"self":[{"href":"https:\/\/www.ibermusicas.org\/index.php\/wp-json\/wp\/v2\/posts\/7259","targetHints":{"allow":["GET"]}}],"collection":[{"href":"https:\/\/www.ibermusicas.org\/index.php\/wp-json\/wp\/v2\/posts"}],"about":[{"href":"https:\/\/www.ibermusicas.org\/index.php\/wp-json\/wp\/v2\/types\/post"}],"author":[{"embeddable":true,"href":"https:\/\/www.ibermusicas.org\/index.php\/wp-json\/wp\/v2\/users\/1"}],"replies":[{"embeddable":true,"href":"https:\/\/www.ibermusicas.org\/index.php\/wp-json\/wp\/v2\/comments?post=7259"}],"version-history":[{"count":0,"href":"https:\/\/www.ibermusicas.org\/index.php\/wp-json\/wp\/v2\/posts\/7259\/revisions"}],"wp:featuredmedia":[{"embeddable":true,"href":"https:\/\/www.ibermusicas.org\/index.php\/wp-json\/wp\/v2\/media\/7260"}],"wp:attachment":[{"href":"https:\/\/www.ibermusicas.org\/index.php\/wp-json\/wp\/v2\/media?parent=7259"}],"wp:term":[{"taxonomy":"category","embeddable":true,"href":"https:\/\/www.ibermusicas.org\/index.php\/wp-json\/wp\/v2\/categories?post=7259"},{"taxonomy":"post_tag","embeddable":true,"href":"https:\/\/www.ibermusicas.org\/index.php\/wp-json\/wp\/v2\/tags?post=7259"}],"curies":[{"name":"wp","href":"https:\/\/api.w.org\/{rel}","templated":true}]}}