{"id":7284,"date":"2018-03-05T16:57:49","date_gmt":"2018-03-05T16:57:49","guid":{"rendered":"https:\/\/www.ibermusicas.org\/?p=7284"},"modified":"2021-06-24T16:58:55","modified_gmt":"2021-06-24T16:58:55","slug":"el-concurso-de-composicion-de-cancion-popular-de-ibermusicas-contribuye-a-ampliar-el-repertorio-musical-de-la-region","status":"publish","type":"post","link":"https:\/\/www.ibermusicas.org\/index.php\/el-concurso-de-composicion-de-cancion-popular-de-ibermusicas-contribuye-a-ampliar-el-repertorio-musical-de-la-region\/","title":{"rendered":"El Concurso de Composici\u00f3n de Canci\u00f3n Popular, de Iberm\u00fasicas, contribuye a ampliar el repertorio musical de la regi\u00f3n"},"content":{"rendered":"<p><span data-sheets-value=\"{&quot;1&quot;:2,&quot;2&quot;:&quot;Dejamos a disposici\u00f3n una entrevista realizada por el Instituto Nacional de Bellas Artes de M\u00e9xico (INBA) al ganador del 1\u00b0 Concurso de Canci\u00f3n Popular de Iberm\u00fasicas por parte de aquel pa\u00eds. &quot;}\" data-sheets-userformat=\"{&quot;2&quot;:513,&quot;3&quot;:{&quot;1&quot;:0},&quot;12&quot;:0}\">Dejamos a disposici\u00f3n una entrevista realizada por el Instituto Nacional de Bellas Artes de M\u00e9xico (INBA) al ganador del 1\u00b0 Concurso de Canci\u00f3n Popular de Iberm\u00fasicas por parte de aquel pa\u00eds. <\/span><\/p>\n","protected":false},"excerpt":{"rendered":"<p>Dejamos a disposici\u00f3n una entrevista realizada por el Instituto Nacional de Bellas Artes de M\u00e9xico (INBA) al ganador del 1\u00b0 Concurso de Canci\u00f3n Popular de Iberm\u00fasicas por parte de aquel pa\u00eds.<\/p>\n","protected":false},"author":1,"featured_media":7285,"comment_status":"closed","ping_status":"closed","sticky":false,"template":"","format":"standard","meta":{"_monsterinsights_skip_tracking":false,"_monsterinsights_sitenote_active":false,"_monsterinsights_sitenote_note":"","_monsterinsights_sitenote_category":0,"footnotes":""},"categories":[53],"tags":[],"class_list":["post-7284","post","type-post","status-publish","format-standard","has-post-thumbnail","hentry","category-noticias-generales"],"lang":"es","translations":{"es":7284},"pll_sync_post":[],"post_mailing_queue_ids":[],"_links":{"self":[{"href":"https:\/\/www.ibermusicas.org\/index.php\/wp-json\/wp\/v2\/posts\/7284","targetHints":{"allow":["GET"]}}],"collection":[{"href":"https:\/\/www.ibermusicas.org\/index.php\/wp-json\/wp\/v2\/posts"}],"about":[{"href":"https:\/\/www.ibermusicas.org\/index.php\/wp-json\/wp\/v2\/types\/post"}],"author":[{"embeddable":true,"href":"https:\/\/www.ibermusicas.org\/index.php\/wp-json\/wp\/v2\/users\/1"}],"replies":[{"embeddable":true,"href":"https:\/\/www.ibermusicas.org\/index.php\/wp-json\/wp\/v2\/comments?post=7284"}],"version-history":[{"count":0,"href":"https:\/\/www.ibermusicas.org\/index.php\/wp-json\/wp\/v2\/posts\/7284\/revisions"}],"wp:featuredmedia":[{"embeddable":true,"href":"https:\/\/www.ibermusicas.org\/index.php\/wp-json\/wp\/v2\/media\/7285"}],"wp:attachment":[{"href":"https:\/\/www.ibermusicas.org\/index.php\/wp-json\/wp\/v2\/media?parent=7284"}],"wp:term":[{"taxonomy":"category","embeddable":true,"href":"https:\/\/www.ibermusicas.org\/index.php\/wp-json\/wp\/v2\/categories?post=7284"},{"taxonomy":"post_tag","embeddable":true,"href":"https:\/\/www.ibermusicas.org\/index.php\/wp-json\/wp\/v2\/tags?post=7284"}],"curies":[{"name":"wp","href":"https:\/\/api.w.org\/{rel}","templated":true}]}}