{"id":7297,"date":"2018-03-20T17:03:21","date_gmt":"2018-03-20T17:03:21","guid":{"rendered":"https:\/\/www.ibermusicas.org\/?p=7297"},"modified":"2021-06-24T17:04:31","modified_gmt":"2021-06-24T17:04:31","slug":"la-artista-panamena-mar-alzamora-viajara-a-mexico-para-ser-parte-de-a-enclave-2018-en-el-centro-cultural-de-espana","status":"publish","type":"post","link":"https:\/\/www.ibermusicas.org\/index.php\/la-artista-panamena-mar-alzamora-viajara-a-mexico-para-ser-parte-de-a-enclave-2018-en-el-centro-cultural-de-espana\/","title":{"rendered":"La artista paname\u00f1a Mar Alzamora viajar\u00e1 a M\u00e9xico para ser parte de A ENCLAVE 2018 en el Centro Cultural de Espa\u00f1a"},"content":{"rendered":"<p><span data-sheets-value=\"{&quot;1&quot;:2,&quot;2&quot;:&quot;Mar Alzamora es una artista transdisciplinaria, conferencista y gestora cultural. Es fundadora y contrabajista del grupo Paisaxe y bajista y voz en la banda de post-rock Amelia y la lluvia. &quot;}\" data-sheets-userformat=\"{&quot;2&quot;:513,&quot;3&quot;:{&quot;1&quot;:0},&quot;12&quot;:0}\">Mar Alzamora es una artista transdisciplinaria, conferencista y gestora cultural. Es fundadora y contrabajista del grupo Paisaxe y bajista y voz en la banda de post-rock Amelia y la lluvia. <\/span><\/p>\n","protected":false},"excerpt":{"rendered":"<p>Mar Alzamora es una artista transdisciplinaria, conferencista y gestora cultural. Es fundadora y contrabajista del grupo Paisaxe y bajista y voz en la banda de post-rock Amelia y la lluvia.<\/p>\n","protected":false},"author":1,"featured_media":7298,"comment_status":"closed","ping_status":"closed","sticky":false,"template":"","format":"standard","meta":{"_monsterinsights_skip_tracking":false,"_monsterinsights_sitenote_active":false,"_monsterinsights_sitenote_note":"","_monsterinsights_sitenote_category":0,"footnotes":""},"categories":[53],"tags":[],"class_list":["post-7297","post","type-post","status-publish","format-standard","has-post-thumbnail","hentry","category-noticias-generales"],"lang":"es","translations":{"es":7297},"pll_sync_post":[],"post_mailing_queue_ids":[],"_links":{"self":[{"href":"https:\/\/www.ibermusicas.org\/index.php\/wp-json\/wp\/v2\/posts\/7297","targetHints":{"allow":["GET"]}}],"collection":[{"href":"https:\/\/www.ibermusicas.org\/index.php\/wp-json\/wp\/v2\/posts"}],"about":[{"href":"https:\/\/www.ibermusicas.org\/index.php\/wp-json\/wp\/v2\/types\/post"}],"author":[{"embeddable":true,"href":"https:\/\/www.ibermusicas.org\/index.php\/wp-json\/wp\/v2\/users\/1"}],"replies":[{"embeddable":true,"href":"https:\/\/www.ibermusicas.org\/index.php\/wp-json\/wp\/v2\/comments?post=7297"}],"version-history":[{"count":0,"href":"https:\/\/www.ibermusicas.org\/index.php\/wp-json\/wp\/v2\/posts\/7297\/revisions"}],"wp:featuredmedia":[{"embeddable":true,"href":"https:\/\/www.ibermusicas.org\/index.php\/wp-json\/wp\/v2\/media\/7298"}],"wp:attachment":[{"href":"https:\/\/www.ibermusicas.org\/index.php\/wp-json\/wp\/v2\/media?parent=7297"}],"wp:term":[{"taxonomy":"category","embeddable":true,"href":"https:\/\/www.ibermusicas.org\/index.php\/wp-json\/wp\/v2\/categories?post=7297"},{"taxonomy":"post_tag","embeddable":true,"href":"https:\/\/www.ibermusicas.org\/index.php\/wp-json\/wp\/v2\/tags?post=7297"}],"curies":[{"name":"wp","href":"https:\/\/api.w.org\/{rel}","templated":true}]}}