{"id":7306,"date":"2018-03-07T17:17:51","date_gmt":"2018-03-07T17:17:51","guid":{"rendered":"https:\/\/www.ibermusicas.org\/?p=7306"},"modified":"2021-06-24T17:20:00","modified_gmt":"2021-06-24T17:20:00","slug":"el-duo-plana-marti-formado-por-los-musicos-argentinos-beti-plana-flauta-y-polo-marti-guitarra-realiza-su-primera-gira-de-cursos-conciertos-y-proyectos-por-peru","status":"publish","type":"post","link":"https:\/\/www.ibermusicas.org\/index.php\/el-duo-plana-marti-formado-por-los-musicos-argentinos-beti-plana-flauta-y-polo-marti-guitarra-realiza-su-primera-gira-de-cursos-conciertos-y-proyectos-por-peru\/","title":{"rendered":"El D\u00fao Plana-Mart\u00ed, formado por los m\u00fasicos argentinos Beti Plana (flauta) y Polo Mart\u00ed (guitarra), realiza su primera gira de cursos, conciertos y proyectos por Per\u00fa"},"content":{"rendered":"<p><span data-sheets-value=\"{&quot;1&quot;:2,&quot;2&quot;:&quot;En esta gira ofrecer\u00e1n sus propuestas enmarcadas en lo que ellos definen como \u201cFolklore Imaginario\u201d, concepto que sostienen desde su participaci\u00f3n en el Grupo \u201cMa\u00edz\u201d, de Argentina (Revelaci\u00f3n \u201cCosqu\u00edn \u201887\u201d). &quot;}\" data-sheets-userformat=\"{&quot;2&quot;:513,&quot;3&quot;:{&quot;1&quot;:0},&quot;12&quot;:0}\">En esta gira ofrecer\u00e1n sus propuestas enmarcadas en lo que ellos definen como \u201cFolklore Imaginario\u201d, concepto que sostienen desde su participaci\u00f3n en el Grupo \u201cMa\u00edz\u201d, de Argentina (Revelaci\u00f3n \u201cCosqu\u00edn \u201887\u201d). <\/span><\/p>\n","protected":false},"excerpt":{"rendered":"<p>En esta gira ofrecer\u00e1n sus propuestas enmarcadas en lo que ellos definen como \u201cFolklore Imaginario\u201d, concepto que sostienen desde su participaci\u00f3n en el Grupo \u201cMa\u00edz\u201d, de Argentina (Revelaci\u00f3n \u201cCosqu\u00edn \u201887\u201d).<\/p>\n","protected":false},"author":1,"featured_media":7307,"comment_status":"closed","ping_status":"closed","sticky":false,"template":"","format":"standard","meta":{"_monsterinsights_skip_tracking":false,"_monsterinsights_sitenote_active":false,"_monsterinsights_sitenote_note":"","_monsterinsights_sitenote_category":0,"footnotes":""},"categories":[53],"tags":[],"class_list":["post-7306","post","type-post","status-publish","format-standard","has-post-thumbnail","hentry","category-noticias-generales"],"lang":"es","translations":{"es":7306},"pll_sync_post":[],"post_mailing_queue_ids":[],"_links":{"self":[{"href":"https:\/\/www.ibermusicas.org\/index.php\/wp-json\/wp\/v2\/posts\/7306","targetHints":{"allow":["GET"]}}],"collection":[{"href":"https:\/\/www.ibermusicas.org\/index.php\/wp-json\/wp\/v2\/posts"}],"about":[{"href":"https:\/\/www.ibermusicas.org\/index.php\/wp-json\/wp\/v2\/types\/post"}],"author":[{"embeddable":true,"href":"https:\/\/www.ibermusicas.org\/index.php\/wp-json\/wp\/v2\/users\/1"}],"replies":[{"embeddable":true,"href":"https:\/\/www.ibermusicas.org\/index.php\/wp-json\/wp\/v2\/comments?post=7306"}],"version-history":[{"count":0,"href":"https:\/\/www.ibermusicas.org\/index.php\/wp-json\/wp\/v2\/posts\/7306\/revisions"}],"wp:featuredmedia":[{"embeddable":true,"href":"https:\/\/www.ibermusicas.org\/index.php\/wp-json\/wp\/v2\/media\/7307"}],"wp:attachment":[{"href":"https:\/\/www.ibermusicas.org\/index.php\/wp-json\/wp\/v2\/media?parent=7306"}],"wp:term":[{"taxonomy":"category","embeddable":true,"href":"https:\/\/www.ibermusicas.org\/index.php\/wp-json\/wp\/v2\/categories?post=7306"},{"taxonomy":"post_tag","embeddable":true,"href":"https:\/\/www.ibermusicas.org\/index.php\/wp-json\/wp\/v2\/tags?post=7306"}],"curies":[{"name":"wp","href":"https:\/\/api.w.org\/{rel}","templated":true}]}}