{"id":7402,"date":"2018-08-03T18:46:39","date_gmt":"2018-08-03T18:46:39","guid":{"rendered":"https:\/\/www.ibermusicas.org\/?p=7402"},"modified":"2021-06-24T18:47:33","modified_gmt":"2021-06-24T18:47:33","slug":"desde-porto-alegre-brasil-arthur-de-faria-orkestra-do-kaos-realizaran-una-gira-por-uruguay-y-argentina","status":"publish","type":"post","link":"https:\/\/www.ibermusicas.org\/index.php\/desde-porto-alegre-brasil-arthur-de-faria-orkestra-do-kaos-realizaran-una-gira-por-uruguay-y-argentina\/","title":{"rendered":"Desde Porto Alegre, Brasil Arthur de Faria &#038; Orkestra do Kaos realizar\u00e1n una gira por Uruguay y Argentina"},"content":{"rendered":"<p><span data-sheets-value=\"{&quot;1&quot;:2,&quot;2&quot;:&quot;Tras 20 a\u00f1os al frente de Arthur de Faria &amp; Seu Conjunto, Arthur decidi\u00f3 formar una nueva banda rode\u00e1ndose de m\u00fasicos de la nueva escena de Porto Alegre. El \u00fanico criterio de selecci\u00f3n fue \u201ctodos tienen que tener edad para ser mis hijos\u201d. La Orkestra do Kaos qued\u00f3 as\u00ed conformada por cinco grandes m\u00fasicos due\u00f1os de estilos muy personales. Es una banda con groove y sonoridad de rock, que no toca rock pero s\u00ed milongas, candombes, reggae, samba, chacarera y tango.\\r \\r &quot;}\" data-sheets-userformat=\"{&quot;2&quot;:513,&quot;3&quot;:{&quot;1&quot;:0},&quot;12&quot;:0}\">Tras 20 a\u00f1os al frente de Arthur de Faria &amp; Seu Conjunto, Arthur decidi\u00f3 formar una nueva banda rode\u00e1ndose de m\u00fasicos de la nueva escena de Porto Alegre. El \u00fanico criterio de selecci\u00f3n fue \u201ctodos tienen que tener edad para ser mis hijos\u201d. La Orkestra do Kaos qued\u00f3 as\u00ed conformada por cinco grandes m\u00fasicos due\u00f1os de estilos muy personales. Es una banda con groove y sonoridad de rock, que no toca rock pero s\u00ed milongas, candombes, reggae, samba, chacarera y tango. <\/span><\/p>\n","protected":false},"excerpt":{"rendered":"<p>Tras 20 a\u00f1os al frente de Arthur de Faria &amp; Seu Conjunto, Arthur decidi\u00f3 formar una nueva banda rode\u00e1ndose de m\u00fasicos de la nueva escena de Porto Alegre. El \u00fanico criterio de selecci\u00f3n fue \u201ctodos tienen que tener edad para ser mis hijos\u201d. La Orkestra do Kaos qued\u00f3 as\u00ed conformada por cinco grandes m\u00fasicos due\u00f1os [&hellip;]<\/p>\n","protected":false},"author":1,"featured_media":7403,"comment_status":"closed","ping_status":"closed","sticky":false,"template":"","format":"standard","meta":{"_monsterinsights_skip_tracking":false,"_monsterinsights_sitenote_active":false,"_monsterinsights_sitenote_note":"","_monsterinsights_sitenote_category":0,"footnotes":""},"categories":[53],"tags":[],"class_list":["post-7402","post","type-post","status-publish","format-standard","has-post-thumbnail","hentry","category-noticias-generales"],"lang":"es","translations":{"es":7402},"pll_sync_post":[],"post_mailing_queue_ids":[],"_links":{"self":[{"href":"https:\/\/www.ibermusicas.org\/index.php\/wp-json\/wp\/v2\/posts\/7402","targetHints":{"allow":["GET"]}}],"collection":[{"href":"https:\/\/www.ibermusicas.org\/index.php\/wp-json\/wp\/v2\/posts"}],"about":[{"href":"https:\/\/www.ibermusicas.org\/index.php\/wp-json\/wp\/v2\/types\/post"}],"author":[{"embeddable":true,"href":"https:\/\/www.ibermusicas.org\/index.php\/wp-json\/wp\/v2\/users\/1"}],"replies":[{"embeddable":true,"href":"https:\/\/www.ibermusicas.org\/index.php\/wp-json\/wp\/v2\/comments?post=7402"}],"version-history":[{"count":0,"href":"https:\/\/www.ibermusicas.org\/index.php\/wp-json\/wp\/v2\/posts\/7402\/revisions"}],"wp:featuredmedia":[{"embeddable":true,"href":"https:\/\/www.ibermusicas.org\/index.php\/wp-json\/wp\/v2\/media\/7403"}],"wp:attachment":[{"href":"https:\/\/www.ibermusicas.org\/index.php\/wp-json\/wp\/v2\/media?parent=7402"}],"wp:term":[{"taxonomy":"category","embeddable":true,"href":"https:\/\/www.ibermusicas.org\/index.php\/wp-json\/wp\/v2\/categories?post=7402"},{"taxonomy":"post_tag","embeddable":true,"href":"https:\/\/www.ibermusicas.org\/index.php\/wp-json\/wp\/v2\/tags?post=7402"}],"curies":[{"name":"wp","href":"https:\/\/api.w.org\/{rel}","templated":true}]}}