{"id":7405,"date":"2018-05-22T18:47:39","date_gmt":"2018-05-22T18:47:39","guid":{"rendered":"https:\/\/www.ibermusicas.org\/?p=7405"},"modified":"2021-06-24T18:48:38","modified_gmt":"2021-06-24T18:48:38","slug":"se-realizara-en-panama-el-xv-festival-internacional-de-musica-alfredo-de-saint-malo","status":"publish","type":"post","link":"https:\/\/www.ibermusicas.org\/index.php\/se-realizara-en-panama-el-xv-festival-internacional-de-musica-alfredo-de-saint-malo\/","title":{"rendered":"Se realizar\u00e1 en Panam\u00e1 el XV Festival Internacional de M\u00fasica Alfredo De Saint Malo"},"content":{"rendered":"<p><span data-sheets-value=\"{&quot;1&quot;:2,&quot;2&quot;:&quot;La Universidad de Panam\u00e1 - Facultad de Bellas Artes ser\u00e1 la casa natural en donde se desarrollar\u00e1 el Festival Internacional de M\u00fasica Alfredo De Saint Malo. Un festival creado con el prop\u00f3sito de reunir a m\u00fasicos paname\u00f1os e internacionales en un gran intercambio cultural y art\u00edstico, a trav\u00e9s de diversas actividades que enriquecen sus conocimientos y pasi\u00f3n musical.\\r \\r &quot;}\" data-sheets-userformat=\"{&quot;2&quot;:513,&quot;3&quot;:{&quot;1&quot;:0},&quot;12&quot;:0}\">La Universidad de Panam\u00e1 &#8211; Facultad de Bellas Artes ser\u00e1 la casa natural en donde se desarrollar\u00e1 el Festival Internacional de M\u00fasica Alfredo De Saint Malo. Un festival creado con el prop\u00f3sito de reunir a m\u00fasicos paname\u00f1os e internacionales en un gran intercambio cultural y art\u00edstico, a trav\u00e9s de diversas actividades que enriquecen sus conocimientos y pasi\u00f3n musical. <\/span><\/p>\n","protected":false},"excerpt":{"rendered":"<p>La Universidad de Panam\u00e1 &#8211; Facultad de Bellas Artes ser\u00e1 la casa natural en donde se desarrollar\u00e1 el Festival Internacional de M\u00fasica Alfredo De Saint Malo. Un festival creado con el prop\u00f3sito de reunir a m\u00fasicos paname\u00f1os e internacionales en un gran intercambio cultural y art\u00edstico, a trav\u00e9s de diversas actividades que enriquecen sus conocimientos [&hellip;]<\/p>\n","protected":false},"author":1,"featured_media":7406,"comment_status":"closed","ping_status":"closed","sticky":false,"template":"","format":"standard","meta":{"_monsterinsights_skip_tracking":false,"_monsterinsights_sitenote_active":false,"_monsterinsights_sitenote_note":"","_monsterinsights_sitenote_category":0,"footnotes":""},"categories":[53],"tags":[],"class_list":["post-7405","post","type-post","status-publish","format-standard","has-post-thumbnail","hentry","category-noticias-generales"],"lang":"es","translations":{"es":7405},"pll_sync_post":[],"post_mailing_queue_ids":[],"_links":{"self":[{"href":"https:\/\/www.ibermusicas.org\/index.php\/wp-json\/wp\/v2\/posts\/7405","targetHints":{"allow":["GET"]}}],"collection":[{"href":"https:\/\/www.ibermusicas.org\/index.php\/wp-json\/wp\/v2\/posts"}],"about":[{"href":"https:\/\/www.ibermusicas.org\/index.php\/wp-json\/wp\/v2\/types\/post"}],"author":[{"embeddable":true,"href":"https:\/\/www.ibermusicas.org\/index.php\/wp-json\/wp\/v2\/users\/1"}],"replies":[{"embeddable":true,"href":"https:\/\/www.ibermusicas.org\/index.php\/wp-json\/wp\/v2\/comments?post=7405"}],"version-history":[{"count":0,"href":"https:\/\/www.ibermusicas.org\/index.php\/wp-json\/wp\/v2\/posts\/7405\/revisions"}],"wp:featuredmedia":[{"embeddable":true,"href":"https:\/\/www.ibermusicas.org\/index.php\/wp-json\/wp\/v2\/media\/7406"}],"wp:attachment":[{"href":"https:\/\/www.ibermusicas.org\/index.php\/wp-json\/wp\/v2\/media?parent=7405"}],"wp:term":[{"taxonomy":"category","embeddable":true,"href":"https:\/\/www.ibermusicas.org\/index.php\/wp-json\/wp\/v2\/categories?post=7405"},{"taxonomy":"post_tag","embeddable":true,"href":"https:\/\/www.ibermusicas.org\/index.php\/wp-json\/wp\/v2\/tags?post=7405"}],"curies":[{"name":"wp","href":"https:\/\/api.w.org\/{rel}","templated":true}]}}