{"id":7749,"date":"2019-12-06T14:49:53","date_gmt":"2019-12-06T14:49:53","guid":{"rendered":"https:\/\/www.ibermusicas.org\/?p=7749"},"modified":"2021-07-15T17:42:33","modified_gmt":"2021-07-15T17:42:33","slug":"ibermusicas-anuncia-los-nombres-de-los-13-cancionistas-ganadores-del-5to-concurso-de-composicion-de-cancion-popular","status":"publish","type":"post","link":"https:\/\/www.ibermusicas.org\/index.php\/ibermusicas-anuncia-los-nombres-de-los-13-cancionistas-ganadores-del-5to-concurso-de-composicion-de-cancion-popular\/","title":{"rendered":"Iberm\u00fasicas anuncia los nombres de los 13 cancionistas ganadores del 5to Concurso de Composici\u00f3n de Canci\u00f3n Popular"},"content":{"rendered":"<p><span data-sheets-value=\"{&quot;1&quot;:2,&quot;2&quot;:&quot;Con inmensa alegr\u00eda los Ministerios, Secretar\u00edas e Institutos de Cultura y de M\u00fasica de los trece pa\u00edses que integran el Programa IBERM\u00daSICAS dan a conocer los nombres de los trece ganadores de nuestro V Concurso Iberoamericano de Composici\u00f3n de Canci\u00f3n Popular.&quot;}\" data-sheets-userformat=\"{&quot;2&quot;:513,&quot;3&quot;:{&quot;1&quot;:0},&quot;12&quot;:0}\">Con inmensa alegr\u00eda los Ministerios, Secretar\u00edas e Institutos de Cultura y de M\u00fasica de los trece pa\u00edses que integran el Programa IBERM\u00daSICAS dan a conocer los nombres de los trece ganadores de nuestro V Concurso Iberoamericano de Composici\u00f3n de Canci\u00f3n Popular.<\/span><\/p>\n","protected":false},"excerpt":{"rendered":"<p>Con inmensa alegr\u00eda los Ministerios, Secretar\u00edas e Institutos de Cultura y de M\u00fasica de los trece pa\u00edses que integran el Programa IBERM\u00daSICAS dan a conocer los nombres de los trece ganadores de nuestro V Concurso Iberoamericano de Composici\u00f3n de Canci\u00f3n Popular.<\/p>\n","protected":false},"author":1,"featured_media":7750,"comment_status":"closed","ping_status":"closed","sticky":false,"template":"","format":"standard","meta":{"_monsterinsights_skip_tracking":false,"_monsterinsights_sitenote_active":false,"_monsterinsights_sitenote_note":"","_monsterinsights_sitenote_category":0,"footnotes":""},"categories":[53],"tags":[],"class_list":["post-7749","post","type-post","status-publish","format-standard","has-post-thumbnail","hentry","category-noticias-generales"],"lang":"es","translations":{"es":7749},"pll_sync_post":[],"post_mailing_queue_ids":[],"_links":{"self":[{"href":"https:\/\/www.ibermusicas.org\/index.php\/wp-json\/wp\/v2\/posts\/7749","targetHints":{"allow":["GET"]}}],"collection":[{"href":"https:\/\/www.ibermusicas.org\/index.php\/wp-json\/wp\/v2\/posts"}],"about":[{"href":"https:\/\/www.ibermusicas.org\/index.php\/wp-json\/wp\/v2\/types\/post"}],"author":[{"embeddable":true,"href":"https:\/\/www.ibermusicas.org\/index.php\/wp-json\/wp\/v2\/users\/1"}],"replies":[{"embeddable":true,"href":"https:\/\/www.ibermusicas.org\/index.php\/wp-json\/wp\/v2\/comments?post=7749"}],"version-history":[{"count":0,"href":"https:\/\/www.ibermusicas.org\/index.php\/wp-json\/wp\/v2\/posts\/7749\/revisions"}],"wp:featuredmedia":[{"embeddable":true,"href":"https:\/\/www.ibermusicas.org\/index.php\/wp-json\/wp\/v2\/media\/7750"}],"wp:attachment":[{"href":"https:\/\/www.ibermusicas.org\/index.php\/wp-json\/wp\/v2\/media?parent=7749"}],"wp:term":[{"taxonomy":"category","embeddable":true,"href":"https:\/\/www.ibermusicas.org\/index.php\/wp-json\/wp\/v2\/categories?post=7749"},{"taxonomy":"post_tag","embeddable":true,"href":"https:\/\/www.ibermusicas.org\/index.php\/wp-json\/wp\/v2\/tags?post=7749"}],"curies":[{"name":"wp","href":"https:\/\/api.w.org\/{rel}","templated":true}]}}