{"id":7999,"date":"2019-04-16T19:10:13","date_gmt":"2019-04-16T19:10:13","guid":{"rendered":"https:\/\/www.ibermusicas.org\/?p=7999"},"modified":"2021-07-07T19:15:49","modified_gmt":"2021-07-07T19:15:49","slug":"se-realiza-en-bogota-colombia-la-decima-edicion-del-encuentro-nacional-del-tiple-fabricio-conde-de-brasil-sera-parte-de-la-nutrida-agenda-del-encuentro","status":"publish","type":"post","link":"https:\/\/www.ibermusicas.org\/index.php\/se-realiza-en-bogota-colombia-la-decima-edicion-del-encuentro-nacional-del-tiple-fabricio-conde-de-brasil-sera-parte-de-la-nutrida-agenda-del-encuentro\/","title":{"rendered":"Se realiza en Bogot\u00e1, Colombia la d\u00e9cima edici\u00f3n del Encuentro Nacional del Tiple. Fabricio Conde de Brasil ser\u00e1 parte de la nutrida agenda del encuentro"},"content":{"rendered":"<p><span data-sheets-value=\"{&quot;1&quot;:2,&quot;2&quot;:&quot;El Encuentro Nacional del Tiple es un evento de car\u00e1cter art\u00edstico y acad\u00e9mico alrededor del instrumento que le ha dado m\u00e1s identidad al sonido colombiano en todos los tiempos: el tiple. El Encuentro Nacional del Tiple celebra sus 10 a\u00f1os de realizaci\u00f3n con talleres, conferencias, paneles, presentaci\u00f3n de investigaciones y conciertos de agrupaciones que incluyen tiplistas entre sus integrantes.\\r \\r &quot;}\" data-sheets-userformat=\"{&quot;2&quot;:513,&quot;3&quot;:{&quot;1&quot;:0},&quot;12&quot;:0}\">El Encuentro Nacional del Tiple es un evento de car\u00e1cter art\u00edstico y acad\u00e9mico alrededor del instrumento que le ha dado m\u00e1s identidad al sonido colombiano en todos los tiempos: el tiple. El Encuentro Nacional del Tiple celebra sus 10 a\u00f1os de realizaci\u00f3n con talleres, conferencias, paneles, presentaci\u00f3n de investigaciones y conciertos de agrupaciones que incluyen tiplistas entre sus integrantes. <\/span><\/p>\n","protected":false},"excerpt":{"rendered":"<p>El Encuentro Nacional del Tiple es un evento de car\u00e1cter art\u00edstico y acad\u00e9mico alrededor del instrumento que le ha dado m\u00e1s identidad al sonido colombiano en todos los tiempos: el tiple. El Encuentro Nacional del Tiple celebra sus 10 a\u00f1os de realizaci\u00f3n con talleres, conferencias, paneles, presentaci\u00f3n de investigaciones y conciertos de agrupaciones que incluyen [&hellip;]<\/p>\n","protected":false},"author":1,"featured_media":8003,"comment_status":"closed","ping_status":"closed","sticky":false,"template":"","format":"standard","meta":{"_monsterinsights_skip_tracking":false,"_monsterinsights_sitenote_active":false,"_monsterinsights_sitenote_note":"","_monsterinsights_sitenote_category":0,"footnotes":""},"categories":[53],"tags":[],"class_list":["post-7999","post","type-post","status-publish","format-standard","has-post-thumbnail","hentry","category-noticias-generales"],"lang":"es","translations":{"es":7999},"pll_sync_post":[],"post_mailing_queue_ids":[],"_links":{"self":[{"href":"https:\/\/www.ibermusicas.org\/index.php\/wp-json\/wp\/v2\/posts\/7999","targetHints":{"allow":["GET"]}}],"collection":[{"href":"https:\/\/www.ibermusicas.org\/index.php\/wp-json\/wp\/v2\/posts"}],"about":[{"href":"https:\/\/www.ibermusicas.org\/index.php\/wp-json\/wp\/v2\/types\/post"}],"author":[{"embeddable":true,"href":"https:\/\/www.ibermusicas.org\/index.php\/wp-json\/wp\/v2\/users\/1"}],"replies":[{"embeddable":true,"href":"https:\/\/www.ibermusicas.org\/index.php\/wp-json\/wp\/v2\/comments?post=7999"}],"version-history":[{"count":0,"href":"https:\/\/www.ibermusicas.org\/index.php\/wp-json\/wp\/v2\/posts\/7999\/revisions"}],"wp:featuredmedia":[{"embeddable":true,"href":"https:\/\/www.ibermusicas.org\/index.php\/wp-json\/wp\/v2\/media\/8003"}],"wp:attachment":[{"href":"https:\/\/www.ibermusicas.org\/index.php\/wp-json\/wp\/v2\/media?parent=7999"}],"wp:term":[{"taxonomy":"category","embeddable":true,"href":"https:\/\/www.ibermusicas.org\/index.php\/wp-json\/wp\/v2\/categories?post=7999"},{"taxonomy":"post_tag","embeddable":true,"href":"https:\/\/www.ibermusicas.org\/index.php\/wp-json\/wp\/v2\/tags?post=7999"}],"curies":[{"name":"wp","href":"https:\/\/api.w.org\/{rel}","templated":true}]}}