{"id":8016,"date":"2019-05-20T19:20:01","date_gmt":"2019-05-20T19:20:01","guid":{"rendered":"https:\/\/www.ibermusicas.org\/?p=8016"},"modified":"2021-07-07T19:21:19","modified_gmt":"2021-07-07T19:21:19","slug":"la-cantante-y-compositora-paraguaya-lizza-bogado-inicia-su-gira-esperanza-y-fe-por-diversos-escenarios-de-mexico","status":"publish","type":"post","link":"https:\/\/www.ibermusicas.org\/index.php\/la-cantante-y-compositora-paraguaya-lizza-bogado-inicia-su-gira-esperanza-y-fe-por-diversos-escenarios-de-mexico\/","title":{"rendered":"La cantante y compositora paraguaya Lizza Bogado inicia su gira \u201cEsperanza y Fe\u201d por diversos escenarios de M\u00e9xico"},"content":{"rendered":"<p><span data-sheets-value=\"{&quot;1&quot;:2,&quot;2&quot;:&quot;Con motivo del lanzamiento de su \u00faltimo material discogr\u00e1fico denominado Esperanza &amp; Fe, la cantante y compositora paraguaya Lizza Bogado realizar\u00e1 durante el mes de abril una gira por Ciudad de M\u00e9xico y alrededores.&quot;}\" data-sheets-userformat=\"{&quot;2&quot;:513,&quot;3&quot;:{&quot;1&quot;:0},&quot;12&quot;:0}\">Con motivo del lanzamiento de su \u00faltimo material discogr\u00e1fico denominado Esperanza &amp; Fe, la cantante y compositora paraguaya Lizza Bogado realizar\u00e1 durante el mes de abril una gira por Ciudad de M\u00e9xico y alrededores.<\/span><\/p>\n","protected":false},"excerpt":{"rendered":"<p>Con motivo del lanzamiento de su \u00faltimo material discogr\u00e1fico denominado Esperanza &amp; Fe, la cantante y compositora paraguaya Lizza Bogado realizar\u00e1 durante el mes de abril una gira por Ciudad de M\u00e9xico y alrededores.<\/p>\n","protected":false},"author":1,"featured_media":8017,"comment_status":"closed","ping_status":"closed","sticky":false,"template":"","format":"standard","meta":{"_monsterinsights_skip_tracking":false,"_monsterinsights_sitenote_active":false,"_monsterinsights_sitenote_note":"","_monsterinsights_sitenote_category":0,"footnotes":""},"categories":[53],"tags":[],"class_list":["post-8016","post","type-post","status-publish","format-standard","has-post-thumbnail","hentry","category-noticias-generales"],"lang":"es","translations":{"es":8016},"pll_sync_post":[],"post_mailing_queue_ids":[],"_links":{"self":[{"href":"https:\/\/www.ibermusicas.org\/index.php\/wp-json\/wp\/v2\/posts\/8016","targetHints":{"allow":["GET"]}}],"collection":[{"href":"https:\/\/www.ibermusicas.org\/index.php\/wp-json\/wp\/v2\/posts"}],"about":[{"href":"https:\/\/www.ibermusicas.org\/index.php\/wp-json\/wp\/v2\/types\/post"}],"author":[{"embeddable":true,"href":"https:\/\/www.ibermusicas.org\/index.php\/wp-json\/wp\/v2\/users\/1"}],"replies":[{"embeddable":true,"href":"https:\/\/www.ibermusicas.org\/index.php\/wp-json\/wp\/v2\/comments?post=8016"}],"version-history":[{"count":0,"href":"https:\/\/www.ibermusicas.org\/index.php\/wp-json\/wp\/v2\/posts\/8016\/revisions"}],"wp:featuredmedia":[{"embeddable":true,"href":"https:\/\/www.ibermusicas.org\/index.php\/wp-json\/wp\/v2\/media\/8017"}],"wp:attachment":[{"href":"https:\/\/www.ibermusicas.org\/index.php\/wp-json\/wp\/v2\/media?parent=8016"}],"wp:term":[{"taxonomy":"category","embeddable":true,"href":"https:\/\/www.ibermusicas.org\/index.php\/wp-json\/wp\/v2\/categories?post=8016"},{"taxonomy":"post_tag","embeddable":true,"href":"https:\/\/www.ibermusicas.org\/index.php\/wp-json\/wp\/v2\/tags?post=8016"}],"curies":[{"name":"wp","href":"https:\/\/api.w.org\/{rel}","templated":true}]}}