{"id":8034,"date":"2019-06-02T19:27:53","date_gmt":"2019-06-02T19:27:53","guid":{"rendered":"https:\/\/www.ibermusicas.org\/?p=8034"},"modified":"2021-07-07T19:28:52","modified_gmt":"2021-07-07T19:28:52","slug":"el-flautista-y-director-argentino-sebastian-tellado-sera-parte-del-ciclo-serie-de-conciertos-vivamusica-en-brasil","status":"publish","type":"post","link":"https:\/\/www.ibermusicas.org\/index.php\/el-flautista-y-director-argentino-sebastian-tellado-sera-parte-del-ciclo-serie-de-conciertos-vivamusica-en-brasil\/","title":{"rendered":"El flautista y director argentino Sebasti\u00e1n Tellado ser\u00e1 parte del Ciclo Serie de Conciertos VIVAMUSICA en Brasil"},"content":{"rendered":"<p><span data-sheets-value=\"{&quot;1&quot;:2,&quot;2&quot;:&quot;Nacido en Buenos Aires, concluy\u00f3 el Profesorado Superior de M\u00fasica con especialidad en Flauta Traversa (2007), se gradu\u00f3 como Director de Orquesta (2008) y finaliz\u00f3 el post-t\u00edtulo en M\u00fasica Contempor\u00e1nea con orientaci\u00f3n en Interpretaci\u00f3n (2016) en el Conservatorio Superior de M\u00fasica \u2018Manuel de Falla\u2019. All\u00ed se form\u00f3 con los Maestros Hayd\u00e9e Schvartz, Patricia Da Dalt y Miguel \u00c1ngel Gilardi. &quot;}\" data-sheets-userformat=\"{&quot;2&quot;:513,&quot;3&quot;:{&quot;1&quot;:0},&quot;12&quot;:0}\">Nacido en Buenos Aires, concluy\u00f3 el Profesorado Superior de M\u00fasica con especialidad en Flauta Traversa (2007), se gradu\u00f3 como Director de Orquesta (2008) y finaliz\u00f3 el post-t\u00edtulo en M\u00fasica Contempor\u00e1nea con orientaci\u00f3n en Interpretaci\u00f3n (2016) en el Conservatorio Superior de M\u00fasica \u2018Manuel de Falla\u2019. All\u00ed se form\u00f3 con los Maestros Hayd\u00e9e Schvartz, Patricia Da Dalt y Miguel \u00c1ngel Gilardi. <\/span><\/p>\n","protected":false},"excerpt":{"rendered":"<p>Nacido en Buenos Aires, concluy\u00f3 el Profesorado Superior de M\u00fasica con especialidad en Flauta Traversa (2007), se gradu\u00f3 como Director de Orquesta (2008) y finaliz\u00f3 el post-t\u00edtulo en M\u00fasica Contempor\u00e1nea con orientaci\u00f3n en Interpretaci\u00f3n (2016) en el Conservatorio Superior de M\u00fasica \u2018Manuel de Falla\u2019. All\u00ed se form\u00f3 con los Maestros Hayd\u00e9e Schvartz, Patricia Da Dalt [&hellip;]<\/p>\n","protected":false},"author":1,"featured_media":8035,"comment_status":"closed","ping_status":"closed","sticky":false,"template":"","format":"standard","meta":{"_monsterinsights_skip_tracking":false,"_monsterinsights_sitenote_active":false,"_monsterinsights_sitenote_note":"","_monsterinsights_sitenote_category":0,"footnotes":""},"categories":[53],"tags":[],"class_list":["post-8034","post","type-post","status-publish","format-standard","has-post-thumbnail","hentry","category-noticias-generales"],"lang":"es","translations":{"es":8034},"pll_sync_post":[],"post_mailing_queue_ids":[],"_links":{"self":[{"href":"https:\/\/www.ibermusicas.org\/index.php\/wp-json\/wp\/v2\/posts\/8034","targetHints":{"allow":["GET"]}}],"collection":[{"href":"https:\/\/www.ibermusicas.org\/index.php\/wp-json\/wp\/v2\/posts"}],"about":[{"href":"https:\/\/www.ibermusicas.org\/index.php\/wp-json\/wp\/v2\/types\/post"}],"author":[{"embeddable":true,"href":"https:\/\/www.ibermusicas.org\/index.php\/wp-json\/wp\/v2\/users\/1"}],"replies":[{"embeddable":true,"href":"https:\/\/www.ibermusicas.org\/index.php\/wp-json\/wp\/v2\/comments?post=8034"}],"version-history":[{"count":0,"href":"https:\/\/www.ibermusicas.org\/index.php\/wp-json\/wp\/v2\/posts\/8034\/revisions"}],"wp:featuredmedia":[{"embeddable":true,"href":"https:\/\/www.ibermusicas.org\/index.php\/wp-json\/wp\/v2\/media\/8035"}],"wp:attachment":[{"href":"https:\/\/www.ibermusicas.org\/index.php\/wp-json\/wp\/v2\/media?parent=8034"}],"wp:term":[{"taxonomy":"category","embeddable":true,"href":"https:\/\/www.ibermusicas.org\/index.php\/wp-json\/wp\/v2\/categories?post=8034"},{"taxonomy":"post_tag","embeddable":true,"href":"https:\/\/www.ibermusicas.org\/index.php\/wp-json\/wp\/v2\/tags?post=8034"}],"curies":[{"name":"wp","href":"https:\/\/api.w.org\/{rel}","templated":true}]}}