{"id":8043,"date":"2019-05-16T20:08:23","date_gmt":"2019-05-16T20:08:23","guid":{"rendered":"https:\/\/www.ibermusicas.org\/?p=8043"},"modified":"2021-07-07T20:09:43","modified_gmt":"2021-07-07T20:09:43","slug":"una-delegacion-integrada-por-cuatro-agrupaciones-uruguayas-sera-parte-del-festival-primavera-sound-de-barcelona-espana","status":"publish","type":"post","link":"https:\/\/www.ibermusicas.org\/index.php\/una-delegacion-integrada-por-cuatro-agrupaciones-uruguayas-sera-parte-del-festival-primavera-sound-de-barcelona-espana\/","title":{"rendered":"Una delegaci\u00f3n integrada por cuatro agrupaciones uruguayas ser\u00e1 parte del festival Primavera Sound de Barcelona, Espa\u00f1a"},"content":{"rendered":"<p><span data-sheets-value=\"{&quot;1&quot;:2,&quot;2&quot;:&quot;A trav\u00e9s del Proyecto Especial de Internacionalizaci\u00f3n y de las Convocatorias del programa Iberm\u00fasicas Uruguay del \u00e1rea M\u00fasica de la Direcci\u00f3n Nacional de Cultura MEC, cuatro artistas uruguayos llegar\u00e1n por primera vez al mercado musical Primavera Pro del festival Primavera Sound, a realizarse en Barcelona, del 27 de mayo al 2 de junio.\\r &quot;}\" data-sheets-userformat=\"{&quot;2&quot;:513,&quot;3&quot;:{&quot;1&quot;:0},&quot;12&quot;:0}\">A trav\u00e9s del Proyecto Especial de Internacionalizaci\u00f3n y de las Convocatorias del programa Iberm\u00fasicas Uruguay del \u00e1rea M\u00fasica de la Direcci\u00f3n Nacional de Cultura MEC, cuatro artistas uruguayos llegar\u00e1n por primera vez al mercado musical Primavera Pro del festival Primavera Sound, a realizarse en Barcelona, del 27 de mayo al 2 de junio. <\/span><\/p>\n","protected":false},"excerpt":{"rendered":"<p>A trav\u00e9s del Proyecto Especial de Internacionalizaci\u00f3n y de las Convocatorias del programa Iberm\u00fasicas Uruguay del \u00e1rea M\u00fasica de la Direcci\u00f3n Nacional de Cultura MEC, cuatro artistas uruguayos llegar\u00e1n por primera vez al mercado musical Primavera Pro del festival Primavera Sound, a realizarse en Barcelona, del 27 de mayo al 2 de junio.<\/p>\n","protected":false},"author":1,"featured_media":8044,"comment_status":"closed","ping_status":"closed","sticky":false,"template":"","format":"standard","meta":{"_monsterinsights_skip_tracking":false,"_monsterinsights_sitenote_active":false,"_monsterinsights_sitenote_note":"","_monsterinsights_sitenote_category":0,"footnotes":""},"categories":[53],"tags":[],"class_list":["post-8043","post","type-post","status-publish","format-standard","has-post-thumbnail","hentry","category-noticias-generales"],"lang":"es","translations":{"es":8043},"pll_sync_post":[],"post_mailing_queue_ids":[],"_links":{"self":[{"href":"https:\/\/www.ibermusicas.org\/index.php\/wp-json\/wp\/v2\/posts\/8043","targetHints":{"allow":["GET"]}}],"collection":[{"href":"https:\/\/www.ibermusicas.org\/index.php\/wp-json\/wp\/v2\/posts"}],"about":[{"href":"https:\/\/www.ibermusicas.org\/index.php\/wp-json\/wp\/v2\/types\/post"}],"author":[{"embeddable":true,"href":"https:\/\/www.ibermusicas.org\/index.php\/wp-json\/wp\/v2\/users\/1"}],"replies":[{"embeddable":true,"href":"https:\/\/www.ibermusicas.org\/index.php\/wp-json\/wp\/v2\/comments?post=8043"}],"version-history":[{"count":0,"href":"https:\/\/www.ibermusicas.org\/index.php\/wp-json\/wp\/v2\/posts\/8043\/revisions"}],"wp:featuredmedia":[{"embeddable":true,"href":"https:\/\/www.ibermusicas.org\/index.php\/wp-json\/wp\/v2\/media\/8044"}],"wp:attachment":[{"href":"https:\/\/www.ibermusicas.org\/index.php\/wp-json\/wp\/v2\/media?parent=8043"}],"wp:term":[{"taxonomy":"category","embeddable":true,"href":"https:\/\/www.ibermusicas.org\/index.php\/wp-json\/wp\/v2\/categories?post=8043"},{"taxonomy":"post_tag","embeddable":true,"href":"https:\/\/www.ibermusicas.org\/index.php\/wp-json\/wp\/v2\/tags?post=8043"}],"curies":[{"name":"wp","href":"https:\/\/api.w.org\/{rel}","templated":true}]}}