{"id":8391,"date":"2019-11-06T02:40:46","date_gmt":"2019-11-06T02:40:46","guid":{"rendered":"https:\/\/www.ibermusicas.org\/?p=8391"},"modified":"2021-07-14T02:41:40","modified_gmt":"2021-07-14T02:41:40","slug":"el-destacado-compositor-mexicano-antonio-russek-inicia-una-residencia-creativa-en-sao-paulo-brasil","status":"publish","type":"post","link":"https:\/\/www.ibermusicas.org\/index.php\/el-destacado-compositor-mexicano-antonio-russek-inicia-una-residencia-creativa-en-sao-paulo-brasil\/","title":{"rendered":"El destacado compositor mexicano Antonio Russek inicia una residencia creativa en S\u00e3o Paulo, Brasil"},"content":{"rendered":"<p><span data-sheets-value=\"{&quot;1&quot;:2,&quot;2&quot;:&quot;Durante el mes de noviembre el compositor y artista sonoro mexicano Antonio Russek, invitado por Flo Menezes, director del Studio PANaroma, realizar\u00e1 en la ciudad de S\u00e3o Paulo una residencia para la composici\u00f3n de una obra acusm\u00e1tica a ocho canales.&quot;}\" data-sheets-userformat=\"{&quot;2&quot;:513,&quot;3&quot;:{&quot;1&quot;:0},&quot;12&quot;:0}\">Durante el mes de noviembre el compositor y artista sonoro mexicano Antonio Russek, invitado por Flo Menezes, director del Studio PANaroma, realizar\u00e1 en la ciudad de S\u00e3o Paulo una residencia para la composici\u00f3n de una obra acusm\u00e1tica a ocho canales.<\/span><\/p>\n","protected":false},"excerpt":{"rendered":"<p>Durante el mes de noviembre el compositor y artista sonoro mexicano Antonio Russek, invitado por Flo Menezes, director del Studio PANaroma, realizar\u00e1 en la ciudad de S\u00e3o Paulo una residencia para la composici\u00f3n de una obra acusm\u00e1tica a ocho canales.<\/p>\n","protected":false},"author":1,"featured_media":8392,"comment_status":"closed","ping_status":"closed","sticky":false,"template":"","format":"standard","meta":{"_monsterinsights_skip_tracking":false,"_monsterinsights_sitenote_active":false,"_monsterinsights_sitenote_note":"","_monsterinsights_sitenote_category":0,"footnotes":""},"categories":[53],"tags":[],"class_list":["post-8391","post","type-post","status-publish","format-standard","has-post-thumbnail","hentry","category-noticias-generales"],"lang":"es","translations":{"es":8391},"pll_sync_post":[],"post_mailing_queue_ids":[],"_links":{"self":[{"href":"https:\/\/www.ibermusicas.org\/index.php\/wp-json\/wp\/v2\/posts\/8391","targetHints":{"allow":["GET"]}}],"collection":[{"href":"https:\/\/www.ibermusicas.org\/index.php\/wp-json\/wp\/v2\/posts"}],"about":[{"href":"https:\/\/www.ibermusicas.org\/index.php\/wp-json\/wp\/v2\/types\/post"}],"author":[{"embeddable":true,"href":"https:\/\/www.ibermusicas.org\/index.php\/wp-json\/wp\/v2\/users\/1"}],"replies":[{"embeddable":true,"href":"https:\/\/www.ibermusicas.org\/index.php\/wp-json\/wp\/v2\/comments?post=8391"}],"version-history":[{"count":0,"href":"https:\/\/www.ibermusicas.org\/index.php\/wp-json\/wp\/v2\/posts\/8391\/revisions"}],"wp:featuredmedia":[{"embeddable":true,"href":"https:\/\/www.ibermusicas.org\/index.php\/wp-json\/wp\/v2\/media\/8392"}],"wp:attachment":[{"href":"https:\/\/www.ibermusicas.org\/index.php\/wp-json\/wp\/v2\/media?parent=8391"}],"wp:term":[{"taxonomy":"category","embeddable":true,"href":"https:\/\/www.ibermusicas.org\/index.php\/wp-json\/wp\/v2\/categories?post=8391"},{"taxonomy":"post_tag","embeddable":true,"href":"https:\/\/www.ibermusicas.org\/index.php\/wp-json\/wp\/v2\/tags?post=8391"}],"curies":[{"name":"wp","href":"https:\/\/api.w.org\/{rel}","templated":true}]}}