{"id":8522,"date":"2020-01-26T03:28:42","date_gmt":"2020-01-26T03:28:42","guid":{"rendered":"https:\/\/www.ibermusicas.org\/?p=8522"},"modified":"2021-07-14T03:29:34","modified_gmt":"2021-07-14T03:29:34","slug":"la-agrupacion-argentina-ninfas-continua-con-su-gira-mexico-2020-3","status":"publish","type":"post","link":"https:\/\/www.ibermusicas.org\/index.php\/la-agrupacion-argentina-ninfas-continua-con-su-gira-mexico-2020-3\/","title":{"rendered":"La agrupaci\u00f3n argentina Ninfas contin\u00faa con su gira M\u00e9xico 2020"},"content":{"rendered":"<p><span data-sheets-value=\"{&quot;1&quot;:2,&quot;2&quot;:&quot;Ninfas, la agrupaci\u00f3n argentina de \u201cCumbia Diversa\u201d despliega su \u201cGira Cumbia Empoderada 2020\u201d que se extender\u00e1 hasta el mes de abril por una gran cantidad de escenarios mexicanos.&quot;}\" data-sheets-userformat=\"{&quot;2&quot;:513,&quot;3&quot;:{&quot;1&quot;:0},&quot;12&quot;:0}\">Ninfas, la agrupaci\u00f3n argentina de \u201cCumbia Diversa\u201d despliega su \u201cGira Cumbia Empoderada 2020\u201d que se extender\u00e1 hasta el mes de abril por una gran cantidad de escenarios mexicanos.<\/span><\/p>\n","protected":false},"excerpt":{"rendered":"<p>Ninfas, la agrupaci\u00f3n argentina de \u201cCumbia Diversa\u201d despliega su \u201cGira Cumbia Empoderada 2020\u201d que se extender\u00e1 hasta el mes de abril por una gran cantidad de escenarios mexicanos.<\/p>\n","protected":false},"author":1,"featured_media":8523,"comment_status":"closed","ping_status":"closed","sticky":false,"template":"","format":"standard","meta":{"_monsterinsights_skip_tracking":false,"_monsterinsights_sitenote_active":false,"_monsterinsights_sitenote_note":"","_monsterinsights_sitenote_category":0,"footnotes":""},"categories":[53],"tags":[],"class_list":["post-8522","post","type-post","status-publish","format-standard","has-post-thumbnail","hentry","category-noticias-generales"],"lang":"es","translations":{"es":8522},"pll_sync_post":[],"post_mailing_queue_ids":[],"_links":{"self":[{"href":"https:\/\/www.ibermusicas.org\/index.php\/wp-json\/wp\/v2\/posts\/8522","targetHints":{"allow":["GET"]}}],"collection":[{"href":"https:\/\/www.ibermusicas.org\/index.php\/wp-json\/wp\/v2\/posts"}],"about":[{"href":"https:\/\/www.ibermusicas.org\/index.php\/wp-json\/wp\/v2\/types\/post"}],"author":[{"embeddable":true,"href":"https:\/\/www.ibermusicas.org\/index.php\/wp-json\/wp\/v2\/users\/1"}],"replies":[{"embeddable":true,"href":"https:\/\/www.ibermusicas.org\/index.php\/wp-json\/wp\/v2\/comments?post=8522"}],"version-history":[{"count":0,"href":"https:\/\/www.ibermusicas.org\/index.php\/wp-json\/wp\/v2\/posts\/8522\/revisions"}],"wp:featuredmedia":[{"embeddable":true,"href":"https:\/\/www.ibermusicas.org\/index.php\/wp-json\/wp\/v2\/media\/8523"}],"wp:attachment":[{"href":"https:\/\/www.ibermusicas.org\/index.php\/wp-json\/wp\/v2\/media?parent=8522"}],"wp:term":[{"taxonomy":"category","embeddable":true,"href":"https:\/\/www.ibermusicas.org\/index.php\/wp-json\/wp\/v2\/categories?post=8522"},{"taxonomy":"post_tag","embeddable":true,"href":"https:\/\/www.ibermusicas.org\/index.php\/wp-json\/wp\/v2\/tags?post=8522"}],"curies":[{"name":"wp","href":"https:\/\/api.w.org\/{rel}","templated":true}]}}