{"id":9823,"date":"2021-09-01T17:39:51","date_gmt":"2021-09-01T17:39:51","guid":{"rendered":"https:\/\/www.ibermusicas.org\/?p=9823"},"modified":"2021-09-08T15:31:05","modified_gmt":"2021-09-08T15:31:05","slug":"se-viene-el-lanzamiento-del-manual-iberoamericano-de-derechos-intelectuales-en-la-musica","status":"publish","type":"post","link":"https:\/\/www.ibermusicas.org\/index.php\/se-viene-el-lanzamiento-del-manual-iberoamericano-de-derechos-intelectuales-en-la-musica\/","title":{"rendered":"Segu\u00ed el lanzamiento del Manual Iberoamericano de Derechos Intelectuales en la M\u00fasica"},"content":{"rendered":"<p style=\"text-align: center;\"><strong>Segu\u00ed el lanzamiento del Manual Iberoamericano de Derechos Intelectuales en la M\u00fasica<\/strong><\/p>\n<p style=\"text-align: center;\"><iframe loading=\"lazy\" title=\"YouTube video player\" src=\"https:\/\/www.youtube.com\/embed\/TRdTCLTTKC4\" width=\"560\" height=\"315\" frameborder=\"0\" allowfullscreen=\"allowfullscreen\"><\/iframe><\/p>\n<p>Proyecto Especial de Argentina a cargo del Instituto Nacional de la M\u00fasica (INAMU)<\/p>\n<p>La edici\u00f3n del Manual Iberoamericano de Derechos Intelectuales en la M\u00fasica es un Proyecto Especial impulsado por la Argentina desde el Instituto Nacional de la M\u00fasica, INAMU y la Secretar\u00eda de Gesti\u00f3n Cultural del Ministerio de Cultura de la Naci\u00f3n. El Manual se encontrar\u00e1 disponible en formato digital para su libre descarga desde la p\u00e1gina web del Programa Iberm\u00fasicas, el INAMU y la plataforma Formar Cultura del Ministerio de Cultura de la Naci\u00f3n Argentina.<\/p>\n<p>Este manual fue pensado con el fin pedag\u00f3gico de difundir y ense\u00f1ar conceptos imprescindibles para la actividad art\u00edstica musical. Considerando que los derechos intelectuales en este sector son usualmente desconocidos, incluso entre las personas que desarrollan esta actividad, esta publicaci\u00f3n tiene como objetivo aportar contenido sistematizado que brinde mayores certezas y claridad a la hora de proteger las obras y, asimismo, permita gozar de los beneficios del trabajo en el sector.<\/p>\n<p>La Carta Cultural Iberoamericana sobre Derechos de Autor suscripta en Montevideo (Uruguay) en noviembre de 2006, llam\u00f3 a promover alternativas para articular el resguardo de los derechos de los creadores ante el desaf\u00edo planteado por las nuevas tecnolog\u00edas, el acceso masivo a innovadoras formas de creaci\u00f3n y la difusi\u00f3n de bienes y servicios culturales, en esa l\u00ednea se inscribe este Manual Iberoamericano de Derechos Intelectuales en la M\u00fasica, ofreciendo un marco de referencia insoslayable para el sector musical de la regi\u00f3n.<\/p>\n<p>Lanzamiento on line mi\u00e9rcoles 8 de septiembre<br \/>\n09 hs. Costa Rica<br \/>\n10 hs. Colombia, M\u00e9xico, Ecuador, Panam\u00e1, Per\u00fa<br \/>\n11 hs. Chile, Paraguay, Venezuela, Cuba<br \/>\n12 hs. Argentina, Brasil, Uruguay<br \/>\n17 hs. Portugal, Espa\u00f1a<\/p>\n<p><a href=\"https:\/\/lt.mydplr.com\/b7cb02d2eb758c7ed637e5df2c30fe0b-81868bec073b3970fa62af291f12b42d\" target=\"_blank\" rel=\"noopener\" data-saferedirecturl=\"https:\/\/www.google.com\/url?q=https:\/\/lt.mydplr.com\/b7cb02d2eb758c7ed637e5df2c30fe0b-81868bec073b3970fa62af291f12b42d&amp;source=gmail&amp;ust=1630602838109000&amp;usg=AFQjCNHI-WBnWJuDby6k5vbRqEpIsOdRXw\">www.ibermusicas.org<\/a><br \/>\n<a href=\"https:\/\/lt.mydplr.com\/0812a1c0dda143d2b67a74890c1b2628-81868bec073b3970fa62af291f12b42d\" target=\"_blank\" rel=\"noopener\" data-saferedirecturl=\"https:\/\/www.google.com\/url?q=https:\/\/lt.mydplr.com\/0812a1c0dda143d2b67a74890c1b2628-81868bec073b3970fa62af291f12b42d&amp;source=gmail&amp;ust=1630602838109000&amp;usg=AFQjCNFBxXOVveKaHfjeIzuzPpxHi_Pplw\">www.inamu.musica.ar<\/a><br \/>\n<a href=\"https:\/\/lt.mydplr.com\/e4262ce99c476d23efb2e36dcf129b55-81868bec073b3970fa62af291f12b42d\" target=\"_blank\" rel=\"noopener\" data-saferedirecturl=\"https:\/\/www.google.com\/url?q=https:\/\/lt.mydplr.com\/e4262ce99c476d23efb2e36dcf129b55-81868bec073b3970fa62af291f12b42d&amp;source=gmail&amp;ust=1630602838109000&amp;usg=AFQjCNEJR4Qox2y9vEHSkMGIwmQM77GLvQ\">www.formar.cultura.gob.ar<\/a><\/p>\n","protected":false},"excerpt":{"rendered":"<p>Segu\u00ed el lanzamiento del Manual Iberoamericano de Derechos Intelectuales en la M\u00fasica Proyecto Especial de Argentina a cargo del Instituto Nacional de la M\u00fasica (INAMU) La edici\u00f3n del Manual Iberoamericano de Derechos Intelectuales en la M\u00fasica es un Proyecto Especial impulsado por la Argentina desde el Instituto Nacional de la M\u00fasica, INAMU y la Secretar\u00eda [&hellip;]<\/p>\n","protected":false},"author":1,"featured_media":9824,"comment_status":"closed","ping_status":"closed","sticky":false,"template":"","format":"standard","meta":{"_monsterinsights_skip_tracking":false,"_monsterinsights_sitenote_active":false,"_monsterinsights_sitenote_note":"","_monsterinsights_sitenote_category":0,"footnotes":""},"categories":[53],"tags":[],"class_list":["post-9823","post","type-post","status-publish","format-standard","has-post-thumbnail","hentry","category-noticias-generales"],"lang":"es","translations":{"es":9823},"pll_sync_post":[],"post_mailing_queue_ids":[],"_links":{"self":[{"href":"https:\/\/www.ibermusicas.org\/index.php\/wp-json\/wp\/v2\/posts\/9823","targetHints":{"allow":["GET"]}}],"collection":[{"href":"https:\/\/www.ibermusicas.org\/index.php\/wp-json\/wp\/v2\/posts"}],"about":[{"href":"https:\/\/www.ibermusicas.org\/index.php\/wp-json\/wp\/v2\/types\/post"}],"author":[{"embeddable":true,"href":"https:\/\/www.ibermusicas.org\/index.php\/wp-json\/wp\/v2\/users\/1"}],"replies":[{"embeddable":true,"href":"https:\/\/www.ibermusicas.org\/index.php\/wp-json\/wp\/v2\/comments?post=9823"}],"version-history":[{"count":0,"href":"https:\/\/www.ibermusicas.org\/index.php\/wp-json\/wp\/v2\/posts\/9823\/revisions"}],"wp:featuredmedia":[{"embeddable":true,"href":"https:\/\/www.ibermusicas.org\/index.php\/wp-json\/wp\/v2\/media\/9824"}],"wp:attachment":[{"href":"https:\/\/www.ibermusicas.org\/index.php\/wp-json\/wp\/v2\/media?parent=9823"}],"wp:term":[{"taxonomy":"category","embeddable":true,"href":"https:\/\/www.ibermusicas.org\/index.php\/wp-json\/wp\/v2\/categories?post=9823"},{"taxonomy":"post_tag","embeddable":true,"href":"https:\/\/www.ibermusicas.org\/index.php\/wp-json\/wp\/v2\/tags?post=9823"}],"curies":[{"name":"wp","href":"https:\/\/api.w.org\/{rel}","templated":true}]}}